{"id":2774,"date":"2020-09-21T00:00:00","date_gmt":"2020-09-20T23:00:00","guid":{"rendered":"https:\/\/www.mariventyachts.com\/exklusive-praesentation-und-test-all-new-fjord-41-xl-2020\/"},"modified":"2024-11-20T12:33:56","modified_gmt":"2024-11-20T12:33:56","slug":"exklusive-praesentation-und-test-all-new-fjord-41-xl-2020","status":"publish","type":"post","link":"https:\/\/www.mariventyachts.com\/de\/exklusive-praesentation-und-test-all-new-fjord-41-xl-2020\/","title":{"rendered":"EXKLUSIVE PR\u00c4SENTATION UND TEST ALL NEW FJORD 41 XL 2020"},"content":{"rendered":"<p style=\"text-align: center;\"><strong>Save The Date<\/strong><\/p>\n<p style=\"text-align: center;\">Nur 26.-30. September 2020<\/p>\n<p style=\"text-align: center;\"><strong>LIMITED INVITATIONS ONLY<\/strong><\/p>\n<p style=\"text-align: center;\">Marina Ancora in Neustadt<\/p>\n<p style=\"text-align: center;\">https:\/\/www.ancora-marina.de\/anfahrt.html<\/p>\n<p>&nbsp;<\/p>\n<h1><strong>EXKLUSIVE PR\u00c4SENTATION UND TEST <\/strong><strong>ALL NEW FJORD 41 XL 2020<\/strong><\/h1>\n<p>Be different. Be unique.<br \/>\nCreate your own personal\u00a0<strong>FJORD 41 XL<\/strong>\u00a0as unique as you.<\/p>\n<p>Details:<\/p>\n<ul>\n<li>Zeitlos, puristisches Design von Patrick Banfield<\/li>\n<li>Deutsches Engineering, Dynamisches Fahrverhalten, Sicherheit mit h\u00f6chstem Komfort<\/li>\n<li>Mediterrane Lebensart, Exklusivit\u00e4t, wertbest\u00e4ndige Einzigartigkeit, das ist die \u201e<strong>FJORD<\/strong>\u00a0&#8211; DNA\u201c<\/li>\n<li>Unz\u00e4hlige Layout Optionen an Deck oder im Interieur bieten maximale Flexibilit\u00e4t f\u00fcr Ihre pers\u00f6nliche Gestaltung<\/li>\n<\/ul>\n<p>Eine einmalige Gelegenheit die neue\u00a0<strong>FJORD 41 XL 2020<\/strong>, das Original, noch dieses Jahr in Deutschland zu testen!<\/p>\n<p>Wir freuen uns auf ihre Anmeldung und ihren Besuch<\/p>\n<p><strong>Weitere Information und Anmeldung unter:<\/strong><\/p>\n<p><a href=\"mailto:guido@fjordyachts.de\">guido@fjordyachts.de<\/a>\u00a0,\u00a0\u00a0<a href=\"mailto:andre@fjordyachts.de\">andre@fjordyachts.de<\/a>\u00a0 oder \u00a0<a href=\"mailto:oliver@fjordyachts.de\">oliver@fjordyachts.de<\/a><\/p>\n<p>Ausserdem telefonisch unter:<\/p>\n<p>Guido Fr\u00f6ls: \u00a0\u00a0 +49 (0) 15121165324<br \/>\nAndre Nelles: +34 673 454 616<br \/>\nOliver Fr\u00f6ls: \u00a0\u00a0 +34 670760569<\/p>\n","protected":false},"excerpt":{"rendered":"<p>Eine einmalige Gelegenheit die neue\u00a0FJORD 41 XL 2020, das Original, noch dieses Jahr in Deutschland zu testen!<br \/>\nWir freuen uns auf ihre Anmeldung und ihren Besuch<\/p>\n","protected":false},"author":1,"featured_media":2432,"comment_status":"closed","ping_status":"closed","sticky":false,"template":"","format":"standard","meta":{"_acf_changed":false,"footnotes":""},"categories":[5],"tags":[],"class_list":["post-2774","post","type-post","status-publish","format-standard","has-post-thumbnail","hentry","category-unkategorisiert"],"acf":[],"yoast_head":"<!-- This site is optimized with the Yoast SEO plugin v27.5 - https:\/\/yoast.com\/product\/yoast-seo-wordpress\/ -->\n<title>EXKLUSIVE PR\u00c4SENTATION UND TEST ALL NEW FJORD 41 XL 2020 - Marivent Yachts<\/title>\n<meta name=\"robots\" content=\"index, follow, max-snippet:-1, max-image-preview:large, max-video-preview:-1\" \/>\n<link rel=\"canonical\" href=\"https:\/\/www.mariventyachts.com\/de\/exklusive-praesentation-und-test-all-new-fjord-41-xl-2020\/\" \/>\n<meta property=\"og:locale\" content=\"de_DE\" \/>\n<meta property=\"og:type\" content=\"article\" \/>\n<meta property=\"og:title\" content=\"EXKLUSIVE PR\u00c4SENTATION UND TEST ALL NEW FJORD 41 XL 2020 - Marivent Yachts\" \/>\n<meta property=\"og:description\" content=\"Eine einmalige Gelegenheit die neue\u00a0FJORD 41 XL 2020, das Original, noch dieses Jahr in Deutschland zu testen! Wir freuen uns auf ihre Anmeldung und ihren Besuch\" \/>\n<meta property=\"og:url\" content=\"https:\/\/www.mariventyachts.com\/de\/exklusive-praesentation-und-test-all-new-fjord-41-xl-2020\/\" \/>\n<meta property=\"og:site_name\" content=\"Marivent Yachts\" \/>\n<meta property=\"article:publisher\" content=\"https:\/\/www.facebook.com\/mariventyachts\/\" \/>\n<meta property=\"article:published_time\" content=\"2020-09-20T23:00:00+00:00\" \/>\n<meta property=\"article:modified_time\" content=\"2024-11-20T12:33:56+00:00\" \/>\n<meta property=\"og:image\" content=\"https:\/\/www.mariventyachts.com\/wp-content\/uploads\/fjord-41-xl-1.jpg\" \/>\n\t<meta property=\"og:image:width\" content=\"1024\" \/>\n\t<meta property=\"og:image:height\" content=\"768\" \/>\n\t<meta property=\"og:image:type\" content=\"image\/jpeg\" \/>\n<meta name=\"author\" content=\"mvadmin\" \/>\n<meta name=\"twitter:card\" content=\"summary_large_image\" \/>\n<meta name=\"twitter:label1\" content=\"Verfasst von\" \/>\n\t<meta name=\"twitter:data1\" content=\"mvadmin\" \/>\n\t<meta name=\"twitter:label2\" content=\"Gesch\u00e4tzte Lesezeit\" \/>\n\t<meta name=\"twitter:data2\" content=\"1\u00a0Minute\" \/>\n<script type=\"application\/ld+json\" class=\"yoast-schema-graph\">{\"@context\":\"https:\\\/\\\/schema.org\",\"@graph\":[{\"@type\":\"Article\",\"@id\":\"https:\\\/\\\/www.mariventyachts.com\\\/de\\\/exklusive-praesentation-und-test-all-new-fjord-41-xl-2020\\\/#article\",\"isPartOf\":{\"@id\":\"https:\\\/\\\/www.mariventyachts.com\\\/de\\\/exklusive-praesentation-und-test-all-new-fjord-41-xl-2020\\\/\"},\"author\":{\"name\":\"mvadmin\",\"@id\":\"https:\\\/\\\/www.mariventyachts.com\\\/#\\\/schema\\\/person\\\/cf7f9402b465b84ccf87e24f10df3d22\"},\"headline\":\"EXKLUSIVE PR\u00c4SENTATION UND TEST ALL NEW FJORD 41 XL 2020\",\"datePublished\":\"2020-09-20T23:00:00+00:00\",\"dateModified\":\"2024-11-20T12:33:56+00:00\",\"mainEntityOfPage\":{\"@id\":\"https:\\\/\\\/www.mariventyachts.com\\\/de\\\/exklusive-praesentation-und-test-all-new-fjord-41-xl-2020\\\/\"},\"wordCount\":151,\"publisher\":{\"@id\":\"https:\\\/\\\/www.mariventyachts.com\\\/#organization\"},\"image\":{\"@id\":\"https:\\\/\\\/www.mariventyachts.com\\\/de\\\/exklusive-praesentation-und-test-all-new-fjord-41-xl-2020\\\/#primaryimage\"},\"thumbnailUrl\":\"https:\\\/\\\/www.mariventyachts.com\\\/wp-content\\\/uploads\\\/fjord-41-xl-1.jpg\",\"articleSection\":[\"Unkategorisiert\"],\"inLanguage\":\"de\"},{\"@type\":\"WebPage\",\"@id\":\"https:\\\/\\\/www.mariventyachts.com\\\/de\\\/exklusive-praesentation-und-test-all-new-fjord-41-xl-2020\\\/\",\"url\":\"https:\\\/\\\/www.mariventyachts.com\\\/de\\\/exklusive-praesentation-und-test-all-new-fjord-41-xl-2020\\\/\",\"name\":\"EXKLUSIVE PR\u00c4SENTATION UND TEST ALL NEW FJORD 41 XL 2020 - Marivent Yachts\",\"isPartOf\":{\"@id\":\"https:\\\/\\\/www.mariventyachts.com\\\/#website\"},\"primaryImageOfPage\":{\"@id\":\"https:\\\/\\\/www.mariventyachts.com\\\/de\\\/exklusive-praesentation-und-test-all-new-fjord-41-xl-2020\\\/#primaryimage\"},\"image\":{\"@id\":\"https:\\\/\\\/www.mariventyachts.com\\\/de\\\/exklusive-praesentation-und-test-all-new-fjord-41-xl-2020\\\/#primaryimage\"},\"thumbnailUrl\":\"https:\\\/\\\/www.mariventyachts.com\\\/wp-content\\\/uploads\\\/fjord-41-xl-1.jpg\",\"datePublished\":\"2020-09-20T23:00:00+00:00\",\"dateModified\":\"2024-11-20T12:33:56+00:00\",\"breadcrumb\":{\"@id\":\"https:\\\/\\\/www.mariventyachts.com\\\/de\\\/exklusive-praesentation-und-test-all-new-fjord-41-xl-2020\\\/#breadcrumb\"},\"inLanguage\":\"de\",\"potentialAction\":[{\"@type\":\"ReadAction\",\"target\":[\"https:\\\/\\\/www.mariventyachts.com\\\/de\\\/exklusive-praesentation-und-test-all-new-fjord-41-xl-2020\\\/\"]}]},{\"@type\":\"ImageObject\",\"inLanguage\":\"de\",\"@id\":\"https:\\\/\\\/www.mariventyachts.com\\\/de\\\/exklusive-praesentation-und-test-all-new-fjord-41-xl-2020\\\/#primaryimage\",\"url\":\"https:\\\/\\\/www.mariventyachts.com\\\/wp-content\\\/uploads\\\/fjord-41-xl-1.jpg\",\"contentUrl\":\"https:\\\/\\\/www.mariventyachts.com\\\/wp-content\\\/uploads\\\/fjord-41-xl-1.jpg\",\"width\":1024,\"height\":768},{\"@type\":\"BreadcrumbList\",\"@id\":\"https:\\\/\\\/www.mariventyachts.com\\\/de\\\/exklusive-praesentation-und-test-all-new-fjord-41-xl-2020\\\/#breadcrumb\",\"itemListElement\":[{\"@type\":\"ListItem\",\"position\":1,\"name\":\"Home\",\"item\":\"https:\\\/\\\/www.mariventyachts.com\\\/de\\\/b\\\/\"},{\"@type\":\"ListItem\",\"position\":2,\"name\":\"EXKLUSIVE PR\u00c4SENTATION UND TEST ALL NEW FJORD 41 XL 2020\"}]},{\"@type\":\"WebSite\",\"@id\":\"https:\\\/\\\/www.mariventyachts.com\\\/#website\",\"url\":\"https:\\\/\\\/www.mariventyachts.com\\\/\",\"name\":\"Marivent Yachts\",\"description\":\"\",\"publisher\":{\"@id\":\"https:\\\/\\\/www.mariventyachts.com\\\/#organization\"},\"potentialAction\":[{\"@type\":\"SearchAction\",\"target\":{\"@type\":\"EntryPoint\",\"urlTemplate\":\"https:\\\/\\\/www.mariventyachts.com\\\/?s={search_term_string}\"},\"query-input\":{\"@type\":\"PropertyValueSpecification\",\"valueRequired\":true,\"valueName\":\"search_term_string\"}}],\"inLanguage\":\"de\"},{\"@type\":\"Organization\",\"@id\":\"https:\\\/\\\/www.mariventyachts.com\\\/#organization\",\"name\":\"Marivent Yachts\",\"url\":\"https:\\\/\\\/www.mariventyachts.com\\\/\",\"logo\":{\"@type\":\"ImageObject\",\"inLanguage\":\"de\",\"@id\":\"https:\\\/\\\/www.mariventyachts.com\\\/#\\\/schema\\\/logo\\\/image\\\/\",\"url\":\"https:\\\/\\\/www.mariventyachts.com\\\/wp-content\\\/uploads\\\/2024\\\/03\\\/marivent-site-icon.jpg\",\"contentUrl\":\"https:\\\/\\\/www.mariventyachts.com\\\/wp-content\\\/uploads\\\/2024\\\/03\\\/marivent-site-icon.jpg\",\"width\":512,\"height\":512,\"caption\":\"Marivent Yachts\"},\"image\":{\"@id\":\"https:\\\/\\\/www.mariventyachts.com\\\/#\\\/schema\\\/logo\\\/image\\\/\"},\"sameAs\":[\"https:\\\/\\\/www.facebook.com\\\/mariventyachts\\\/\",\"https:\\\/\\\/www.instagram.com\\\/mariventyachts\\\/\"]},{\"@type\":\"Person\",\"@id\":\"https:\\\/\\\/www.mariventyachts.com\\\/#\\\/schema\\\/person\\\/cf7f9402b465b84ccf87e24f10df3d22\",\"name\":\"mvadmin\",\"image\":{\"@type\":\"ImageObject\",\"inLanguage\":\"de\",\"@id\":\"https:\\\/\\\/secure.gravatar.com\\\/avatar\\\/582225c13c35a8d3bf811e8e4eb45f05353eb91aff88f557e56c4add20005099?s=96&d=mm&r=g\",\"url\":\"https:\\\/\\\/secure.gravatar.com\\\/avatar\\\/582225c13c35a8d3bf811e8e4eb45f05353eb91aff88f557e56c4add20005099?s=96&d=mm&r=g\",\"contentUrl\":\"https:\\\/\\\/secure.gravatar.com\\\/avatar\\\/582225c13c35a8d3bf811e8e4eb45f05353eb91aff88f557e56c4add20005099?s=96&d=mm&r=g\",\"caption\":\"mvadmin\"},\"sameAs\":[\"https:\\\/\\\/www.mariventyachts.com\"]}]}<\/script>\n<!-- \/ Yoast SEO plugin. -->","yoast_head_json":{"title":"EXKLUSIVE PR\u00c4SENTATION UND TEST ALL NEW FJORD 41 XL 2020 - Marivent Yachts","robots":{"index":"index","follow":"follow","max-snippet":"max-snippet:-1","max-image-preview":"max-image-preview:large","max-video-preview":"max-video-preview:-1"},"canonical":"https:\/\/www.mariventyachts.com\/de\/exklusive-praesentation-und-test-all-new-fjord-41-xl-2020\/","og_locale":"de_DE","og_type":"article","og_title":"EXKLUSIVE PR\u00c4SENTATION UND TEST ALL NEW FJORD 41 XL 2020 - Marivent Yachts","og_description":"Eine einmalige Gelegenheit die neue\u00a0FJORD 41 XL 2020, das Original, noch dieses Jahr in Deutschland zu testen! Wir freuen uns auf ihre Anmeldung und ihren Besuch","og_url":"https:\/\/www.mariventyachts.com\/de\/exklusive-praesentation-und-test-all-new-fjord-41-xl-2020\/","og_site_name":"Marivent Yachts","article_publisher":"https:\/\/www.facebook.com\/mariventyachts\/","article_published_time":"2020-09-20T23:00:00+00:00","article_modified_time":"2024-11-20T12:33:56+00:00","og_image":[{"width":1024,"height":768,"url":"https:\/\/www.mariventyachts.com\/wp-content\/uploads\/fjord-41-xl-1.jpg","type":"image\/jpeg"}],"author":"mvadmin","twitter_card":"summary_large_image","twitter_misc":{"Verfasst von":"mvadmin","Gesch\u00e4tzte Lesezeit":"1\u00a0Minute"},"schema":{"@context":"https:\/\/schema.org","@graph":[{"@type":"Article","@id":"https:\/\/www.mariventyachts.com\/de\/exklusive-praesentation-und-test-all-new-fjord-41-xl-2020\/#article","isPartOf":{"@id":"https:\/\/www.mariventyachts.com\/de\/exklusive-praesentation-und-test-all-new-fjord-41-xl-2020\/"},"author":{"name":"mvadmin","@id":"https:\/\/www.mariventyachts.com\/#\/schema\/person\/cf7f9402b465b84ccf87e24f10df3d22"},"headline":"EXKLUSIVE PR\u00c4SENTATION UND TEST ALL NEW FJORD 41 XL 2020","datePublished":"2020-09-20T23:00:00+00:00","dateModified":"2024-11-20T12:33:56+00:00","mainEntityOfPage":{"@id":"https:\/\/www.mariventyachts.com\/de\/exklusive-praesentation-und-test-all-new-fjord-41-xl-2020\/"},"wordCount":151,"publisher":{"@id":"https:\/\/www.mariventyachts.com\/#organization"},"image":{"@id":"https:\/\/www.mariventyachts.com\/de\/exklusive-praesentation-und-test-all-new-fjord-41-xl-2020\/#primaryimage"},"thumbnailUrl":"https:\/\/www.mariventyachts.com\/wp-content\/uploads\/fjord-41-xl-1.jpg","articleSection":["Unkategorisiert"],"inLanguage":"de"},{"@type":"WebPage","@id":"https:\/\/www.mariventyachts.com\/de\/exklusive-praesentation-und-test-all-new-fjord-41-xl-2020\/","url":"https:\/\/www.mariventyachts.com\/de\/exklusive-praesentation-und-test-all-new-fjord-41-xl-2020\/","name":"EXKLUSIVE PR\u00c4SENTATION UND TEST ALL NEW FJORD 41 XL 2020 - Marivent Yachts","isPartOf":{"@id":"https:\/\/www.mariventyachts.com\/#website"},"primaryImageOfPage":{"@id":"https:\/\/www.mariventyachts.com\/de\/exklusive-praesentation-und-test-all-new-fjord-41-xl-2020\/#primaryimage"},"image":{"@id":"https:\/\/www.mariventyachts.com\/de\/exklusive-praesentation-und-test-all-new-fjord-41-xl-2020\/#primaryimage"},"thumbnailUrl":"https:\/\/www.mariventyachts.com\/wp-content\/uploads\/fjord-41-xl-1.jpg","datePublished":"2020-09-20T23:00:00+00:00","dateModified":"2024-11-20T12:33:56+00:00","breadcrumb":{"@id":"https:\/\/www.mariventyachts.com\/de\/exklusive-praesentation-und-test-all-new-fjord-41-xl-2020\/#breadcrumb"},"inLanguage":"de","potentialAction":[{"@type":"ReadAction","target":["https:\/\/www.mariventyachts.com\/de\/exklusive-praesentation-und-test-all-new-fjord-41-xl-2020\/"]}]},{"@type":"ImageObject","inLanguage":"de","@id":"https:\/\/www.mariventyachts.com\/de\/exklusive-praesentation-und-test-all-new-fjord-41-xl-2020\/#primaryimage","url":"https:\/\/www.mariventyachts.com\/wp-content\/uploads\/fjord-41-xl-1.jpg","contentUrl":"https:\/\/www.mariventyachts.com\/wp-content\/uploads\/fjord-41-xl-1.jpg","width":1024,"height":768},{"@type":"BreadcrumbList","@id":"https:\/\/www.mariventyachts.com\/de\/exklusive-praesentation-und-test-all-new-fjord-41-xl-2020\/#breadcrumb","itemListElement":[{"@type":"ListItem","position":1,"name":"Home","item":"https:\/\/www.mariventyachts.com\/de\/b\/"},{"@type":"ListItem","position":2,"name":"EXKLUSIVE PR\u00c4SENTATION UND TEST ALL NEW FJORD 41 XL 2020"}]},{"@type":"WebSite","@id":"https:\/\/www.mariventyachts.com\/#website","url":"https:\/\/www.mariventyachts.com\/","name":"Marivent Yachts","description":"","publisher":{"@id":"https:\/\/www.mariventyachts.com\/#organization"},"potentialAction":[{"@type":"SearchAction","target":{"@type":"EntryPoint","urlTemplate":"https:\/\/www.mariventyachts.com\/?s={search_term_string}"},"query-input":{"@type":"PropertyValueSpecification","valueRequired":true,"valueName":"search_term_string"}}],"inLanguage":"de"},{"@type":"Organization","@id":"https:\/\/www.mariventyachts.com\/#organization","name":"Marivent Yachts","url":"https:\/\/www.mariventyachts.com\/","logo":{"@type":"ImageObject","inLanguage":"de","@id":"https:\/\/www.mariventyachts.com\/#\/schema\/logo\/image\/","url":"https:\/\/www.mariventyachts.com\/wp-content\/uploads\/2024\/03\/marivent-site-icon.jpg","contentUrl":"https:\/\/www.mariventyachts.com\/wp-content\/uploads\/2024\/03\/marivent-site-icon.jpg","width":512,"height":512,"caption":"Marivent Yachts"},"image":{"@id":"https:\/\/www.mariventyachts.com\/#\/schema\/logo\/image\/"},"sameAs":["https:\/\/www.facebook.com\/mariventyachts\/","https:\/\/www.instagram.com\/mariventyachts\/"]},{"@type":"Person","@id":"https:\/\/www.mariventyachts.com\/#\/schema\/person\/cf7f9402b465b84ccf87e24f10df3d22","name":"mvadmin","image":{"@type":"ImageObject","inLanguage":"de","@id":"https:\/\/secure.gravatar.com\/avatar\/582225c13c35a8d3bf811e8e4eb45f05353eb91aff88f557e56c4add20005099?s=96&d=mm&r=g","url":"https:\/\/secure.gravatar.com\/avatar\/582225c13c35a8d3bf811e8e4eb45f05353eb91aff88f557e56c4add20005099?s=96&d=mm&r=g","contentUrl":"https:\/\/secure.gravatar.com\/avatar\/582225c13c35a8d3bf811e8e4eb45f05353eb91aff88f557e56c4add20005099?s=96&d=mm&r=g","caption":"mvadmin"},"sameAs":["https:\/\/www.mariventyachts.com"]}]}},"_links":{"self":[{"href":"https:\/\/www.mariventyachts.com\/de\/wp-json\/wp\/v2\/posts\/2774","targetHints":{"allow":["GET"]}}],"collection":[{"href":"https:\/\/www.mariventyachts.com\/de\/wp-json\/wp\/v2\/posts"}],"about":[{"href":"https:\/\/www.mariventyachts.com\/de\/wp-json\/wp\/v2\/types\/post"}],"author":[{"embeddable":true,"href":"https:\/\/www.mariventyachts.com\/de\/wp-json\/wp\/v2\/users\/1"}],"replies":[{"embeddable":true,"href":"https:\/\/www.mariventyachts.com\/de\/wp-json\/wp\/v2\/comments?post=2774"}],"version-history":[{"count":2,"href":"https:\/\/www.mariventyachts.com\/de\/wp-json\/wp\/v2\/posts\/2774\/revisions"}],"predecessor-version":[{"id":4474,"href":"https:\/\/www.mariventyachts.com\/de\/wp-json\/wp\/v2\/posts\/2774\/revisions\/4474"}],"wp:featuredmedia":[{"embeddable":true,"href":"https:\/\/www.mariventyachts.com\/de\/wp-json\/wp\/v2\/media\/2432"}],"wp:attachment":[{"href":"https:\/\/www.mariventyachts.com\/de\/wp-json\/wp\/v2\/media?parent=2774"}],"wp:term":[{"taxonomy":"category","embeddable":true,"href":"https:\/\/www.mariventyachts.com\/de\/wp-json\/wp\/v2\/categories?post=2774"},{"taxonomy":"post_tag","embeddable":true,"href":"https:\/\/www.mariventyachts.com\/de\/wp-json\/wp\/v2\/tags?post=2774"}],"curies":[{"name":"wp","href":"https:\/\/api.w.org\/{rel}","templated":true}]}}