{"id":2719,"date":"2020-11-03T00:00:00","date_gmt":"2020-11-03T00:00:00","guid":{"rendered":"https:\/\/www.mariventyachts.com\/nueva-fjord-41-xl-en-mallorca-2020-espectacular-exito-en-las-pruebas-de-mar\/"},"modified":"2024-11-20T12:30:14","modified_gmt":"2024-11-20T12:30:14","slug":"nueva-fjord-41-xl-en-mallorca-2020-espectacular-exito-en-las-pruebas-de-mar","status":"publish","type":"post","link":"https:\/\/www.mariventyachts.com\/es\/nueva-fjord-41-xl-en-mallorca-2020-espectacular-exito-en-las-pruebas-de-mar\/","title":{"rendered":"Nueva Fjord 41 XL en Mallorca 2020 &#8211; Espectacular \u00e9xito en las pruebas de Mar!"},"content":{"rendered":"<h1><strong>Nueva FJORD 41 XL en Mallorca &#8211; Noviembre 2020<\/strong><\/h1>\n<h1>Espectacular \u00c9xito en las pruebas de mar de la Fjord 41 XL<\/h1>\n<p>El pasado 10\u00a0de Octubre lleg\u00f3 a nuestro Centro de Pruebas Europeo en\u00a0Port Adriano el nuevo modelo de FJORD, la FJORD\u00a041 XL&#8230;\u00a0<strong>y no ha podido tener mejor acogida!<\/strong><\/p>\n<p>Durante las \u00faltimas tres semanas, muchos clientes se han acercado\u00a0a probar\u00a0el nuevo modelo que no ha recibido m\u00e1s que elogios y buenas vibraciones. Todos los que\u00a0han visitado y han conducido\u00a0la nueva Fjord 41 XL destacan la<\/p>\n<p><strong>\u00a0 \u00a0 \u00a0 \u00a0<\/strong><em><strong> impresionante\u00a0estabilidad de navegaci\u00f3n<\/strong><\/em><em> del nuevo modelo. Tanto como cuando nos encontramos con un\u00a0t\u00edpico mar plano mediterr\u00e1neo, como a la hora de coger algunas olas, podemos afirmar que <\/em><strong><em>la Fjord 41 XL se desliza naturalmente sobre el agua<\/em><\/strong><em>.<\/em><\/p>\n<p>Otra de las primeras impresiones que nos han comentado los visitantes durante las pruebas de mar, es la <strong>escandalosa sensaci\u00f3n de espacio y amplitud<\/strong> sorprendente en un barco de esta eslora. Destacan tambi\u00e9n la comodidad, tanto a nivel funcional como est\u00e9tico, que presenta el nuevo T-Top, que adem\u00e1s llega con un nuevo sistema de sujeci\u00f3n incrementando a\u00fan m\u00e1s la <strong>sensaci\u00f3n de protecci\u00f3n y seguridad.<\/strong><\/p>\n<p>Nuestros clientes, como nosotros, se han emocionado\u00a0a su vez\u00a0con el nuevo dise\u00f1o interior y todas\u00a0sus posibilidades\u2026 palabras como <strong>espacio, comodidad y estilo<\/strong> han sido de las m\u00e1s escuchadas durante nuestras <strong>pruebas de mar.<\/strong><\/p>\n<p><strong>MARIVENT YACHTS junto con UNIQUE YACHTS GERMANY anuncia Nuevas fechas para las exclusivas pruebas de mar de la nueva Fjord 41 XL en Port Adriano, Mallorca: Del 6 al 15 de Noviembre.<\/strong><\/p>\n<p><strong>Reserva tu cita en <a href=\"mailto:oliver@mariventyachts.com\">oliver@mariventyachts.com<\/a> o\u00a0<a href=\"mailto:guido@fjordyachts.de\">guido@fjordyachts.de<\/a><\/strong><\/p>\n<p>Compru\u00e9balo de primera mano!\u00a0Comparte\u00a0nuestro entusiasmo y no lo dudes, <strong>ven\u00a0y prueba\u00a0la nueva Fjord 41 XL<\/strong>. Hoy m\u00e1s que nunca podemos asegurar que <strong>no te dejar\u00e1 indiferente!<\/strong><\/p>\n<p>Please contact us to arrange your personal sea trial:<\/p>\n<p>Andre Nelles: +34 673 454 616 \/\u00a0\u00a0<a href=\"mailto:andre@fjordyachts.de\">andre@fjordyachts.de<\/a><br \/>\nOliver Fr\u00f6ls: \u00a0\u00a0 +34 670 760 569 \/\u00a0<a href=\"mailto:oliver@fjordyachts.de\">oliver@fjordyachts.de<\/a><br \/>\nEduardo Oppenheim: +34 664 003 875 \/\u00a0<a href=\"mailto:oliver@fjordyachts.de\">eduardo@fjordyachts.de<\/a><br \/>\nAgustin Valls:\u00a0 \u00a0+34 607 141 234 \/\u00a0<a href=\"mailto:oliver@fjordyachts.de\">agustin@fjordyachts.de<\/a><\/p>\n<p>&nbsp;<\/p>\n<p>&nbsp;<\/p>\n<p><img loading=\"lazy\" decoding=\"async\" class=\"wp-image-37325 size-full aligncenter\" src=\"https:\/\/www.mariventyachts.com\/wp-content\/uploads\/Z_Layout_Configurator.gif\" alt=\"\" width=\"250\" height=\"750\" \/><\/p>\n","protected":false},"excerpt":{"rendered":"<p>Durante las \u00faltimas tres semanas, muchos clientes se han acercado\u00a0a probar\u00a0el nuevo modelo que no ha recibido m\u00e1s que elogios y buenas vibraciones. Todos los que\u00a0han visitado y han conducido\u00a0la nueva Fjord 41 XL destacan la impresionante\u00a0estabilidad de navegaci\u00f3n&#8230;<\/p>\n","protected":false},"author":1,"featured_media":2439,"comment_status":"closed","ping_status":"closed","sticky":false,"template":"","format":"standard","meta":{"_acf_changed":false,"footnotes":""},"categories":[6],"tags":[],"class_list":["post-2719","post","type-post","status-publish","format-standard","has-post-thumbnail","hentry","category-sin-categorizar"],"acf":[],"yoast_head":"<!-- This site is optimized with the Yoast SEO plugin v27.5 - https:\/\/yoast.com\/product\/yoast-seo-wordpress\/ -->\n<title>Nueva Fjord 41 XL en Mallorca 2020 - Espectacular \u00e9xito en las pruebas de Mar! - Marivent Yachts<\/title>\n<meta name=\"robots\" content=\"index, follow, max-snippet:-1, max-image-preview:large, max-video-preview:-1\" \/>\n<link rel=\"canonical\" href=\"https:\/\/www.mariventyachts.com\/es\/nueva-fjord-41-xl-en-mallorca-2020-espectacular-exito-en-las-pruebas-de-mar\/\" \/>\n<meta property=\"og:locale\" content=\"es_ES\" \/>\n<meta property=\"og:type\" content=\"article\" \/>\n<meta property=\"og:title\" content=\"Nueva Fjord 41 XL en Mallorca 2020 - Espectacular \u00e9xito en las pruebas de Mar! - Marivent Yachts\" \/>\n<meta property=\"og:description\" content=\"Durante las \u00faltimas tres semanas, muchos clientes se han acercado\u00a0a probar\u00a0el nuevo modelo que no ha recibido m\u00e1s que elogios y buenas vibraciones. Todos los que\u00a0han visitado y han conducido\u00a0la nueva Fjord 41 XL destacan la impresionante\u00a0estabilidad de navegaci\u00f3n...\" \/>\n<meta property=\"og:url\" content=\"https:\/\/www.mariventyachts.com\/es\/nueva-fjord-41-xl-en-mallorca-2020-espectacular-exito-en-las-pruebas-de-mar\/\" \/>\n<meta property=\"og:site_name\" content=\"Marivent Yachts\" \/>\n<meta property=\"article:publisher\" content=\"https:\/\/www.facebook.com\/mariventyachts\/\" \/>\n<meta property=\"article:published_time\" content=\"2020-11-03T00:00:00+00:00\" \/>\n<meta property=\"article:modified_time\" content=\"2024-11-20T12:30:14+00:00\" \/>\n<meta property=\"og:image\" content=\"https:\/\/www.mariventyachts.com\/wp-content\/uploads\/Fjord_41_XL.jpg\" \/>\n\t<meta property=\"og:image:width\" content=\"1600\" \/>\n\t<meta property=\"og:image:height\" content=\"1067\" \/>\n\t<meta property=\"og:image:type\" content=\"image\/jpeg\" \/>\n<meta name=\"author\" content=\"mvadmin\" \/>\n<meta name=\"twitter:card\" content=\"summary_large_image\" \/>\n<meta name=\"twitter:label1\" content=\"Escrito por\" \/>\n\t<meta name=\"twitter:data1\" content=\"mvadmin\" \/>\n\t<meta name=\"twitter:label2\" content=\"Tiempo de lectura\" \/>\n\t<meta name=\"twitter:data2\" content=\"2 minutos\" \/>\n<script type=\"application\/ld+json\" class=\"yoast-schema-graph\">{\"@context\":\"https:\\\/\\\/schema.org\",\"@graph\":[{\"@type\":\"Article\",\"@id\":\"https:\\\/\\\/www.mariventyachts.com\\\/es\\\/nueva-fjord-41-xl-en-mallorca-2020-espectacular-exito-en-las-pruebas-de-mar\\\/#article\",\"isPartOf\":{\"@id\":\"https:\\\/\\\/www.mariventyachts.com\\\/es\\\/nueva-fjord-41-xl-en-mallorca-2020-espectacular-exito-en-las-pruebas-de-mar\\\/\"},\"author\":{\"name\":\"mvadmin\",\"@id\":\"https:\\\/\\\/www.mariventyachts.com\\\/#\\\/schema\\\/person\\\/cf7f9402b465b84ccf87e24f10df3d22\"},\"headline\":\"Nueva Fjord 41 XL en Mallorca 2020 &#8211; Espectacular \u00e9xito en las pruebas de Mar!\",\"datePublished\":\"2020-11-03T00:00:00+00:00\",\"dateModified\":\"2024-11-20T12:30:14+00:00\",\"mainEntityOfPage\":{\"@id\":\"https:\\\/\\\/www.mariventyachts.com\\\/es\\\/nueva-fjord-41-xl-en-mallorca-2020-espectacular-exito-en-las-pruebas-de-mar\\\/\"},\"wordCount\":355,\"publisher\":{\"@id\":\"https:\\\/\\\/www.mariventyachts.com\\\/#organization\"},\"image\":{\"@id\":\"https:\\\/\\\/www.mariventyachts.com\\\/es\\\/nueva-fjord-41-xl-en-mallorca-2020-espectacular-exito-en-las-pruebas-de-mar\\\/#primaryimage\"},\"thumbnailUrl\":\"https:\\\/\\\/www.mariventyachts.com\\\/wp-content\\\/uploads\\\/Fjord_41_XL.jpg\",\"articleSection\":[\"Sin categorizar\"],\"inLanguage\":\"es\"},{\"@type\":\"WebPage\",\"@id\":\"https:\\\/\\\/www.mariventyachts.com\\\/es\\\/nueva-fjord-41-xl-en-mallorca-2020-espectacular-exito-en-las-pruebas-de-mar\\\/\",\"url\":\"https:\\\/\\\/www.mariventyachts.com\\\/es\\\/nueva-fjord-41-xl-en-mallorca-2020-espectacular-exito-en-las-pruebas-de-mar\\\/\",\"name\":\"Nueva Fjord 41 XL en Mallorca 2020 - Espectacular \u00e9xito en las pruebas de Mar! - Marivent Yachts\",\"isPartOf\":{\"@id\":\"https:\\\/\\\/www.mariventyachts.com\\\/#website\"},\"primaryImageOfPage\":{\"@id\":\"https:\\\/\\\/www.mariventyachts.com\\\/es\\\/nueva-fjord-41-xl-en-mallorca-2020-espectacular-exito-en-las-pruebas-de-mar\\\/#primaryimage\"},\"image\":{\"@id\":\"https:\\\/\\\/www.mariventyachts.com\\\/es\\\/nueva-fjord-41-xl-en-mallorca-2020-espectacular-exito-en-las-pruebas-de-mar\\\/#primaryimage\"},\"thumbnailUrl\":\"https:\\\/\\\/www.mariventyachts.com\\\/wp-content\\\/uploads\\\/Fjord_41_XL.jpg\",\"datePublished\":\"2020-11-03T00:00:00+00:00\",\"dateModified\":\"2024-11-20T12:30:14+00:00\",\"breadcrumb\":{\"@id\":\"https:\\\/\\\/www.mariventyachts.com\\\/es\\\/nueva-fjord-41-xl-en-mallorca-2020-espectacular-exito-en-las-pruebas-de-mar\\\/#breadcrumb\"},\"inLanguage\":\"es\",\"potentialAction\":[{\"@type\":\"ReadAction\",\"target\":[\"https:\\\/\\\/www.mariventyachts.com\\\/es\\\/nueva-fjord-41-xl-en-mallorca-2020-espectacular-exito-en-las-pruebas-de-mar\\\/\"]}]},{\"@type\":\"ImageObject\",\"inLanguage\":\"es\",\"@id\":\"https:\\\/\\\/www.mariventyachts.com\\\/es\\\/nueva-fjord-41-xl-en-mallorca-2020-espectacular-exito-en-las-pruebas-de-mar\\\/#primaryimage\",\"url\":\"https:\\\/\\\/www.mariventyachts.com\\\/wp-content\\\/uploads\\\/Fjord_41_XL.jpg\",\"contentUrl\":\"https:\\\/\\\/www.mariventyachts.com\\\/wp-content\\\/uploads\\\/Fjord_41_XL.jpg\",\"width\":1600,\"height\":1067},{\"@type\":\"BreadcrumbList\",\"@id\":\"https:\\\/\\\/www.mariventyachts.com\\\/es\\\/nueva-fjord-41-xl-en-mallorca-2020-espectacular-exito-en-las-pruebas-de-mar\\\/#breadcrumb\",\"itemListElement\":[{\"@type\":\"ListItem\",\"position\":1,\"name\":\"Home\",\"item\":\"https:\\\/\\\/www.mariventyachts.com\\\/es\\\/b\\\/\"},{\"@type\":\"ListItem\",\"position\":2,\"name\":\"Nueva Fjord 41 XL en Mallorca 2020 &#8211; Espectacular \u00e9xito en las pruebas de Mar!\"}]},{\"@type\":\"WebSite\",\"@id\":\"https:\\\/\\\/www.mariventyachts.com\\\/#website\",\"url\":\"https:\\\/\\\/www.mariventyachts.com\\\/\",\"name\":\"Marivent Yachts\",\"description\":\"\",\"publisher\":{\"@id\":\"https:\\\/\\\/www.mariventyachts.com\\\/#organization\"},\"potentialAction\":[{\"@type\":\"SearchAction\",\"target\":{\"@type\":\"EntryPoint\",\"urlTemplate\":\"https:\\\/\\\/www.mariventyachts.com\\\/?s={search_term_string}\"},\"query-input\":{\"@type\":\"PropertyValueSpecification\",\"valueRequired\":true,\"valueName\":\"search_term_string\"}}],\"inLanguage\":\"es\"},{\"@type\":\"Organization\",\"@id\":\"https:\\\/\\\/www.mariventyachts.com\\\/#organization\",\"name\":\"Marivent Yachts\",\"url\":\"https:\\\/\\\/www.mariventyachts.com\\\/\",\"logo\":{\"@type\":\"ImageObject\",\"inLanguage\":\"es\",\"@id\":\"https:\\\/\\\/www.mariventyachts.com\\\/#\\\/schema\\\/logo\\\/image\\\/\",\"url\":\"https:\\\/\\\/www.mariventyachts.com\\\/wp-content\\\/uploads\\\/2024\\\/03\\\/marivent-site-icon.jpg\",\"contentUrl\":\"https:\\\/\\\/www.mariventyachts.com\\\/wp-content\\\/uploads\\\/2024\\\/03\\\/marivent-site-icon.jpg\",\"width\":512,\"height\":512,\"caption\":\"Marivent Yachts\"},\"image\":{\"@id\":\"https:\\\/\\\/www.mariventyachts.com\\\/#\\\/schema\\\/logo\\\/image\\\/\"},\"sameAs\":[\"https:\\\/\\\/www.facebook.com\\\/mariventyachts\\\/\",\"https:\\\/\\\/www.instagram.com\\\/mariventyachts\\\/\"]},{\"@type\":\"Person\",\"@id\":\"https:\\\/\\\/www.mariventyachts.com\\\/#\\\/schema\\\/person\\\/cf7f9402b465b84ccf87e24f10df3d22\",\"name\":\"mvadmin\",\"image\":{\"@type\":\"ImageObject\",\"inLanguage\":\"es\",\"@id\":\"https:\\\/\\\/secure.gravatar.com\\\/avatar\\\/582225c13c35a8d3bf811e8e4eb45f05353eb91aff88f557e56c4add20005099?s=96&d=mm&r=g\",\"url\":\"https:\\\/\\\/secure.gravatar.com\\\/avatar\\\/582225c13c35a8d3bf811e8e4eb45f05353eb91aff88f557e56c4add20005099?s=96&d=mm&r=g\",\"contentUrl\":\"https:\\\/\\\/secure.gravatar.com\\\/avatar\\\/582225c13c35a8d3bf811e8e4eb45f05353eb91aff88f557e56c4add20005099?s=96&d=mm&r=g\",\"caption\":\"mvadmin\"},\"sameAs\":[\"https:\\\/\\\/www.mariventyachts.com\"]}]}<\/script>\n<!-- \/ Yoast SEO plugin. -->","yoast_head_json":{"title":"Nueva Fjord 41 XL en Mallorca 2020 - Espectacular \u00e9xito en las pruebas de Mar! - Marivent Yachts","robots":{"index":"index","follow":"follow","max-snippet":"max-snippet:-1","max-image-preview":"max-image-preview:large","max-video-preview":"max-video-preview:-1"},"canonical":"https:\/\/www.mariventyachts.com\/es\/nueva-fjord-41-xl-en-mallorca-2020-espectacular-exito-en-las-pruebas-de-mar\/","og_locale":"es_ES","og_type":"article","og_title":"Nueva Fjord 41 XL en Mallorca 2020 - Espectacular \u00e9xito en las pruebas de Mar! - Marivent Yachts","og_description":"Durante las \u00faltimas tres semanas, muchos clientes se han acercado\u00a0a probar\u00a0el nuevo modelo que no ha recibido m\u00e1s que elogios y buenas vibraciones. Todos los que\u00a0han visitado y han conducido\u00a0la nueva Fjord 41 XL destacan la impresionante\u00a0estabilidad de navegaci\u00f3n...","og_url":"https:\/\/www.mariventyachts.com\/es\/nueva-fjord-41-xl-en-mallorca-2020-espectacular-exito-en-las-pruebas-de-mar\/","og_site_name":"Marivent Yachts","article_publisher":"https:\/\/www.facebook.com\/mariventyachts\/","article_published_time":"2020-11-03T00:00:00+00:00","article_modified_time":"2024-11-20T12:30:14+00:00","og_image":[{"width":1600,"height":1067,"url":"https:\/\/www.mariventyachts.com\/wp-content\/uploads\/Fjord_41_XL.jpg","type":"image\/jpeg"}],"author":"mvadmin","twitter_card":"summary_large_image","twitter_misc":{"Escrito por":"mvadmin","Tiempo de lectura":"2 minutos"},"schema":{"@context":"https:\/\/schema.org","@graph":[{"@type":"Article","@id":"https:\/\/www.mariventyachts.com\/es\/nueva-fjord-41-xl-en-mallorca-2020-espectacular-exito-en-las-pruebas-de-mar\/#article","isPartOf":{"@id":"https:\/\/www.mariventyachts.com\/es\/nueva-fjord-41-xl-en-mallorca-2020-espectacular-exito-en-las-pruebas-de-mar\/"},"author":{"name":"mvadmin","@id":"https:\/\/www.mariventyachts.com\/#\/schema\/person\/cf7f9402b465b84ccf87e24f10df3d22"},"headline":"Nueva Fjord 41 XL en Mallorca 2020 &#8211; Espectacular \u00e9xito en las pruebas de Mar!","datePublished":"2020-11-03T00:00:00+00:00","dateModified":"2024-11-20T12:30:14+00:00","mainEntityOfPage":{"@id":"https:\/\/www.mariventyachts.com\/es\/nueva-fjord-41-xl-en-mallorca-2020-espectacular-exito-en-las-pruebas-de-mar\/"},"wordCount":355,"publisher":{"@id":"https:\/\/www.mariventyachts.com\/#organization"},"image":{"@id":"https:\/\/www.mariventyachts.com\/es\/nueva-fjord-41-xl-en-mallorca-2020-espectacular-exito-en-las-pruebas-de-mar\/#primaryimage"},"thumbnailUrl":"https:\/\/www.mariventyachts.com\/wp-content\/uploads\/Fjord_41_XL.jpg","articleSection":["Sin categorizar"],"inLanguage":"es"},{"@type":"WebPage","@id":"https:\/\/www.mariventyachts.com\/es\/nueva-fjord-41-xl-en-mallorca-2020-espectacular-exito-en-las-pruebas-de-mar\/","url":"https:\/\/www.mariventyachts.com\/es\/nueva-fjord-41-xl-en-mallorca-2020-espectacular-exito-en-las-pruebas-de-mar\/","name":"Nueva Fjord 41 XL en Mallorca 2020 - Espectacular \u00e9xito en las pruebas de Mar! - Marivent Yachts","isPartOf":{"@id":"https:\/\/www.mariventyachts.com\/#website"},"primaryImageOfPage":{"@id":"https:\/\/www.mariventyachts.com\/es\/nueva-fjord-41-xl-en-mallorca-2020-espectacular-exito-en-las-pruebas-de-mar\/#primaryimage"},"image":{"@id":"https:\/\/www.mariventyachts.com\/es\/nueva-fjord-41-xl-en-mallorca-2020-espectacular-exito-en-las-pruebas-de-mar\/#primaryimage"},"thumbnailUrl":"https:\/\/www.mariventyachts.com\/wp-content\/uploads\/Fjord_41_XL.jpg","datePublished":"2020-11-03T00:00:00+00:00","dateModified":"2024-11-20T12:30:14+00:00","breadcrumb":{"@id":"https:\/\/www.mariventyachts.com\/es\/nueva-fjord-41-xl-en-mallorca-2020-espectacular-exito-en-las-pruebas-de-mar\/#breadcrumb"},"inLanguage":"es","potentialAction":[{"@type":"ReadAction","target":["https:\/\/www.mariventyachts.com\/es\/nueva-fjord-41-xl-en-mallorca-2020-espectacular-exito-en-las-pruebas-de-mar\/"]}]},{"@type":"ImageObject","inLanguage":"es","@id":"https:\/\/www.mariventyachts.com\/es\/nueva-fjord-41-xl-en-mallorca-2020-espectacular-exito-en-las-pruebas-de-mar\/#primaryimage","url":"https:\/\/www.mariventyachts.com\/wp-content\/uploads\/Fjord_41_XL.jpg","contentUrl":"https:\/\/www.mariventyachts.com\/wp-content\/uploads\/Fjord_41_XL.jpg","width":1600,"height":1067},{"@type":"BreadcrumbList","@id":"https:\/\/www.mariventyachts.com\/es\/nueva-fjord-41-xl-en-mallorca-2020-espectacular-exito-en-las-pruebas-de-mar\/#breadcrumb","itemListElement":[{"@type":"ListItem","position":1,"name":"Home","item":"https:\/\/www.mariventyachts.com\/es\/b\/"},{"@type":"ListItem","position":2,"name":"Nueva Fjord 41 XL en Mallorca 2020 &#8211; Espectacular \u00e9xito en las pruebas de Mar!"}]},{"@type":"WebSite","@id":"https:\/\/www.mariventyachts.com\/#website","url":"https:\/\/www.mariventyachts.com\/","name":"Marivent Yachts","description":"","publisher":{"@id":"https:\/\/www.mariventyachts.com\/#organization"},"potentialAction":[{"@type":"SearchAction","target":{"@type":"EntryPoint","urlTemplate":"https:\/\/www.mariventyachts.com\/?s={search_term_string}"},"query-input":{"@type":"PropertyValueSpecification","valueRequired":true,"valueName":"search_term_string"}}],"inLanguage":"es"},{"@type":"Organization","@id":"https:\/\/www.mariventyachts.com\/#organization","name":"Marivent Yachts","url":"https:\/\/www.mariventyachts.com\/","logo":{"@type":"ImageObject","inLanguage":"es","@id":"https:\/\/www.mariventyachts.com\/#\/schema\/logo\/image\/","url":"https:\/\/www.mariventyachts.com\/wp-content\/uploads\/2024\/03\/marivent-site-icon.jpg","contentUrl":"https:\/\/www.mariventyachts.com\/wp-content\/uploads\/2024\/03\/marivent-site-icon.jpg","width":512,"height":512,"caption":"Marivent Yachts"},"image":{"@id":"https:\/\/www.mariventyachts.com\/#\/schema\/logo\/image\/"},"sameAs":["https:\/\/www.facebook.com\/mariventyachts\/","https:\/\/www.instagram.com\/mariventyachts\/"]},{"@type":"Person","@id":"https:\/\/www.mariventyachts.com\/#\/schema\/person\/cf7f9402b465b84ccf87e24f10df3d22","name":"mvadmin","image":{"@type":"ImageObject","inLanguage":"es","@id":"https:\/\/secure.gravatar.com\/avatar\/582225c13c35a8d3bf811e8e4eb45f05353eb91aff88f557e56c4add20005099?s=96&d=mm&r=g","url":"https:\/\/secure.gravatar.com\/avatar\/582225c13c35a8d3bf811e8e4eb45f05353eb91aff88f557e56c4add20005099?s=96&d=mm&r=g","contentUrl":"https:\/\/secure.gravatar.com\/avatar\/582225c13c35a8d3bf811e8e4eb45f05353eb91aff88f557e56c4add20005099?s=96&d=mm&r=g","caption":"mvadmin"},"sameAs":["https:\/\/www.mariventyachts.com"]}]}},"_links":{"self":[{"href":"https:\/\/www.mariventyachts.com\/es\/wp-json\/wp\/v2\/posts\/2719","targetHints":{"allow":["GET"]}}],"collection":[{"href":"https:\/\/www.mariventyachts.com\/es\/wp-json\/wp\/v2\/posts"}],"about":[{"href":"https:\/\/www.mariventyachts.com\/es\/wp-json\/wp\/v2\/types\/post"}],"author":[{"embeddable":true,"href":"https:\/\/www.mariventyachts.com\/es\/wp-json\/wp\/v2\/users\/1"}],"replies":[{"embeddable":true,"href":"https:\/\/www.mariventyachts.com\/es\/wp-json\/wp\/v2\/comments?post=2719"}],"version-history":[{"count":1,"href":"https:\/\/www.mariventyachts.com\/es\/wp-json\/wp\/v2\/posts\/2719\/revisions"}],"predecessor-version":[{"id":4468,"href":"https:\/\/www.mariventyachts.com\/es\/wp-json\/wp\/v2\/posts\/2719\/revisions\/4468"}],"wp:featuredmedia":[{"embeddable":true,"href":"https:\/\/www.mariventyachts.com\/es\/wp-json\/wp\/v2\/media\/2439"}],"wp:attachment":[{"href":"https:\/\/www.mariventyachts.com\/es\/wp-json\/wp\/v2\/media?parent=2719"}],"wp:term":[{"taxonomy":"category","embeddable":true,"href":"https:\/\/www.mariventyachts.com\/es\/wp-json\/wp\/v2\/categories?post=2719"},{"taxonomy":"post_tag","embeddable":true,"href":"https:\/\/www.mariventyachts.com\/es\/wp-json\/wp\/v2\/tags?post=2719"}],"curies":[{"name":"wp","href":"https:\/\/api.w.org\/{rel}","templated":true}]}}