{"id":2726,"date":"2022-10-19T00:00:00","date_gmt":"2022-10-18T23:00:00","guid":{"rendered":"https:\/\/www.mariventyachts.com\/el-rey-felipe-vi-con-marivent-yachts-y-ceo-oliver-frols-en-la-feria-nautica-de-barcelona\/"},"modified":"2024-11-20T12:52:10","modified_gmt":"2024-11-20T12:52:10","slug":"el-rey-felipe-vi-con-marivent-yachts-y-ceo-oliver-frols-en-la-feria-nautica-de-barcelona","status":"publish","type":"post","link":"https:\/\/www.mariventyachts.com\/es\/el-rey-felipe-vi-con-marivent-yachts-y-ceo-oliver-frols-en-la-feria-nautica-de-barcelona\/","title":{"rendered":"El Rey Felipe VI con MARIVENT YACHTS y CEO Oliver Frols en la Feria N\u00e1utica de Barcelona"},"content":{"rendered":"<h1>Feria N\u00e1utica de Barcelona 2022<\/h1>\n<p>La Feria N\u00e1utica de Barcelona ha llegado a su fin tras cinco d\u00edas en los que el sol ha brillado durante toda la jornada, y con \u00e9l numerosos visitantes se han acercado a pasear y a visitar los distintos Stands y puestos de la Feria.<\/p>\n<p>Entre ellos <strong>la visita m\u00e1s destacada ha sido la del Rey Felipe VI<\/strong>, la primera vez en la Feria de Barcelona como jefe de Estado, a qui\u00e9n podemos ver en la foto de abajo en <strong>nuestro Hospitality de Marivent yachts<\/strong>, <strong>saludando a nuestro CEO Oliver Frols.<\/strong><\/p>\n<h6>Moll d\u2019Espanya- Barcelona Boat Show<\/h6>\n<p>En esta edici\u00f3n tuvimos la oportunidad de llevar a la feria desde nuestro <strong>centro de pruebas de\u00a0 Mallorca<\/strong> el nuevo modelo de Fjord, la <strong>imponente FJORD 53XL <\/strong>que pudimos exponer como <strong>primicia en Espa\u00f1a<\/strong> para paseantes y compradores, y que tuvo una esperada y fabulosa acogida, destacando los visitantes su enorme T-Top y su amplio espacio \u00fatil.<\/p>\n<p>Junto a la FJORD 53XL situamos la reconocida <strong>Fjord 41 XL<\/strong>, el primer modelo de la gama XL (Extra Living) que ya revolucion\u00f3 el a\u00f1o pasado por su enorme espacio y dise\u00f1o innovador. Adem\u00e1s pudimos llevar la ya cl\u00e1sica <strong>Fjord 44 Open.<\/strong><\/p>\n<p>&nbsp;<\/p>\n<p><img loading=\"lazy\" decoding=\"async\" class=\"alignnone size-full wp-image-4446\" src=\"https:\/\/www.mariventyachts.com\/wp-content\/uploads\/ford-feria-barcelona-boat-show-2022.jpeg\" alt=\"\" width=\"1023\" height=\"516\" \/><\/p>\n<p>&nbsp;<\/p>\n<p>Por otro lado, como primicia tambi\u00e9n pudimos exponer uno de los nuevos modelos de Austin Parker, la <strong>Austin Parker 52 Ibiza Walk Around<\/strong>, un barco de estilo cl\u00e1sico, inspirada en las lobster americanas en las que destaca la sensaci\u00f3n de amplitud y seguridad, y sus posibilidades de configuraci\u00f3n. <strong>A su lado la Austin Parker 44 ibiza Walk Around<\/strong>, un barco estable, espacioso y muy\u00a0 manejable.<\/p>\n<p>Los cinco d\u00edas de la feria tuvieron una gran afluencia y nos dejaron con las mejores impresiones tras compartir numerosas visitas y pruebas de mar con visitantes, clientes y amigos que vinieron desde todos los rincones a acompa\u00f1arnos y conocer nuestras novedades.<\/p>\n<p>Tan solo nos queda agradecer a todos los que pasaron por nuestro Hospitality y animar a visitarnos en nuestras oficinas en Port Adriano, donde disponemos de toda la gama de barcos Fjord y distintas Austin Parker para pruebas de mar.<\/p>\n<p>Para los residentes en la pen\u00ednsula y particularmente en la costa catalana, nuestros colegas de <strong>Marivent Yachts Balis<\/strong> les invitan a visitar sus instalaciones en <strong>Port Balis,<\/strong> justo al norte de Barcelona. Aqu\u00ed tambi\u00e9n tenemos la mayor\u00eda de los modelos Fjord en el agua listos para las pruebas de mar y podemos ofrecer un servicio completo que incluye almacenamiento de invierno, mantenimiento, amarres, etc.<\/p>\n<p>&nbsp;<\/p>\n","protected":false},"excerpt":{"rendered":"<p>Entre ellos la visita m\u00e1s destacada ha sido la del Rey Felipe VI, la primera vez en la Feria de Barcelona como jefe de Estado, a qui\u00e9n podemos ver en la foto de abajo en nuestro Hospitality de Marivent yachts, saludando a nuestro CEO Oliver Frols.<\/p>\n","protected":false},"author":1,"featured_media":2460,"comment_status":"closed","ping_status":"closed","sticky":false,"template":"","format":"standard","meta":{"_acf_changed":false,"footnotes":""},"categories":[6],"tags":[],"class_list":["post-2726","post","type-post","status-publish","format-standard","has-post-thumbnail","hentry","category-sin-categorizar"],"acf":[],"yoast_head":"<!-- This site is optimized with the Yoast SEO plugin v27.4 - https:\/\/yoast.com\/product\/yoast-seo-wordpress\/ -->\n<title>El Rey Felipe VI con MARIVENT YACHTS y CEO Oliver Frols en la Feria N\u00e1utica de Barcelona - Marivent Yachts<\/title>\n<meta name=\"robots\" content=\"index, follow, max-snippet:-1, max-image-preview:large, max-video-preview:-1\" \/>\n<link rel=\"canonical\" href=\"https:\/\/www.mariventyachts.com\/es\/el-rey-felipe-vi-con-marivent-yachts-y-ceo-oliver-frols-en-la-feria-nautica-de-barcelona\/\" \/>\n<meta property=\"og:locale\" content=\"es_ES\" \/>\n<meta property=\"og:type\" content=\"article\" \/>\n<meta property=\"og:title\" content=\"El Rey Felipe VI con MARIVENT YACHTS y CEO Oliver Frols en la Feria N\u00e1utica de Barcelona - Marivent Yachts\" \/>\n<meta property=\"og:description\" content=\"Entre ellos la visita m\u00e1s destacada ha sido la del Rey Felipe VI, la primera vez en la Feria de Barcelona como jefe de Estado, a qui\u00e9n podemos ver en la foto de abajo en nuestro Hospitality de Marivent yachts, saludando a nuestro CEO Oliver Frols.\" \/>\n<meta property=\"og:url\" content=\"https:\/\/www.mariventyachts.com\/es\/el-rey-felipe-vi-con-marivent-yachts-y-ceo-oliver-frols-en-la-feria-nautica-de-barcelona\/\" \/>\n<meta property=\"og:site_name\" content=\"Marivent Yachts\" \/>\n<meta property=\"article:publisher\" content=\"https:\/\/www.facebook.com\/mariventyachts\/\" \/>\n<meta property=\"article:published_time\" content=\"2022-10-18T23:00:00+00:00\" \/>\n<meta property=\"article:modified_time\" content=\"2024-11-20T12:52:10+00:00\" \/>\n<meta property=\"og:image\" content=\"https:\/\/www.mariventyachts.com\/wp-content\/uploads\/WhatsApp-Image-2022-10-13-at-13.10.23-1.jpeg\" \/>\n\t<meta property=\"og:image:width\" content=\"1194\" \/>\n\t<meta property=\"og:image:height\" content=\"1017\" \/>\n\t<meta property=\"og:image:type\" content=\"image\/jpeg\" \/>\n<meta name=\"author\" content=\"mvadmin\" \/>\n<meta name=\"twitter:card\" content=\"summary_large_image\" \/>\n<meta name=\"twitter:label1\" content=\"Escrito por\" \/>\n\t<meta name=\"twitter:data1\" content=\"mvadmin\" \/>\n\t<meta name=\"twitter:label2\" content=\"Tiempo de lectura\" \/>\n\t<meta name=\"twitter:data2\" content=\"2 minutos\" \/>\n<script type=\"application\/ld+json\" class=\"yoast-schema-graph\">{\"@context\":\"https:\\\/\\\/schema.org\",\"@graph\":[{\"@type\":\"Article\",\"@id\":\"https:\\\/\\\/www.mariventyachts.com\\\/es\\\/el-rey-felipe-vi-con-marivent-yachts-y-ceo-oliver-frols-en-la-feria-nautica-de-barcelona\\\/#article\",\"isPartOf\":{\"@id\":\"https:\\\/\\\/www.mariventyachts.com\\\/es\\\/el-rey-felipe-vi-con-marivent-yachts-y-ceo-oliver-frols-en-la-feria-nautica-de-barcelona\\\/\"},\"author\":{\"name\":\"mvadmin\",\"@id\":\"https:\\\/\\\/www.mariventyachts.com\\\/#\\\/schema\\\/person\\\/cf7f9402b465b84ccf87e24f10df3d22\"},\"headline\":\"El Rey Felipe VI con MARIVENT YACHTS y CEO Oliver Frols en la Feria N\u00e1utica de Barcelona\",\"datePublished\":\"2022-10-18T23:00:00+00:00\",\"dateModified\":\"2024-11-20T12:52:10+00:00\",\"mainEntityOfPage\":{\"@id\":\"https:\\\/\\\/www.mariventyachts.com\\\/es\\\/el-rey-felipe-vi-con-marivent-yachts-y-ceo-oliver-frols-en-la-feria-nautica-de-barcelona\\\/\"},\"wordCount\":448,\"publisher\":{\"@id\":\"https:\\\/\\\/www.mariventyachts.com\\\/#organization\"},\"image\":{\"@id\":\"https:\\\/\\\/www.mariventyachts.com\\\/es\\\/el-rey-felipe-vi-con-marivent-yachts-y-ceo-oliver-frols-en-la-feria-nautica-de-barcelona\\\/#primaryimage\"},\"thumbnailUrl\":\"https:\\\/\\\/www.mariventyachts.com\\\/wp-content\\\/uploads\\\/WhatsApp-Image-2022-10-13-at-13.10.23-1.jpeg\",\"articleSection\":[\"Sin categorizar\"],\"inLanguage\":\"es\"},{\"@type\":\"WebPage\",\"@id\":\"https:\\\/\\\/www.mariventyachts.com\\\/es\\\/el-rey-felipe-vi-con-marivent-yachts-y-ceo-oliver-frols-en-la-feria-nautica-de-barcelona\\\/\",\"url\":\"https:\\\/\\\/www.mariventyachts.com\\\/es\\\/el-rey-felipe-vi-con-marivent-yachts-y-ceo-oliver-frols-en-la-feria-nautica-de-barcelona\\\/\",\"name\":\"El Rey Felipe VI con MARIVENT YACHTS y CEO Oliver Frols en la Feria N\u00e1utica de Barcelona - Marivent Yachts\",\"isPartOf\":{\"@id\":\"https:\\\/\\\/www.mariventyachts.com\\\/#website\"},\"primaryImageOfPage\":{\"@id\":\"https:\\\/\\\/www.mariventyachts.com\\\/es\\\/el-rey-felipe-vi-con-marivent-yachts-y-ceo-oliver-frols-en-la-feria-nautica-de-barcelona\\\/#primaryimage\"},\"image\":{\"@id\":\"https:\\\/\\\/www.mariventyachts.com\\\/es\\\/el-rey-felipe-vi-con-marivent-yachts-y-ceo-oliver-frols-en-la-feria-nautica-de-barcelona\\\/#primaryimage\"},\"thumbnailUrl\":\"https:\\\/\\\/www.mariventyachts.com\\\/wp-content\\\/uploads\\\/WhatsApp-Image-2022-10-13-at-13.10.23-1.jpeg\",\"datePublished\":\"2022-10-18T23:00:00+00:00\",\"dateModified\":\"2024-11-20T12:52:10+00:00\",\"breadcrumb\":{\"@id\":\"https:\\\/\\\/www.mariventyachts.com\\\/es\\\/el-rey-felipe-vi-con-marivent-yachts-y-ceo-oliver-frols-en-la-feria-nautica-de-barcelona\\\/#breadcrumb\"},\"inLanguage\":\"es\",\"potentialAction\":[{\"@type\":\"ReadAction\",\"target\":[\"https:\\\/\\\/www.mariventyachts.com\\\/es\\\/el-rey-felipe-vi-con-marivent-yachts-y-ceo-oliver-frols-en-la-feria-nautica-de-barcelona\\\/\"]}]},{\"@type\":\"ImageObject\",\"inLanguage\":\"es\",\"@id\":\"https:\\\/\\\/www.mariventyachts.com\\\/es\\\/el-rey-felipe-vi-con-marivent-yachts-y-ceo-oliver-frols-en-la-feria-nautica-de-barcelona\\\/#primaryimage\",\"url\":\"https:\\\/\\\/www.mariventyachts.com\\\/wp-content\\\/uploads\\\/WhatsApp-Image-2022-10-13-at-13.10.23-1.jpeg\",\"contentUrl\":\"https:\\\/\\\/www.mariventyachts.com\\\/wp-content\\\/uploads\\\/WhatsApp-Image-2022-10-13-at-13.10.23-1.jpeg\",\"width\":1194,\"height\":1017},{\"@type\":\"BreadcrumbList\",\"@id\":\"https:\\\/\\\/www.mariventyachts.com\\\/es\\\/el-rey-felipe-vi-con-marivent-yachts-y-ceo-oliver-frols-en-la-feria-nautica-de-barcelona\\\/#breadcrumb\",\"itemListElement\":[{\"@type\":\"ListItem\",\"position\":1,\"name\":\"Home\",\"item\":\"https:\\\/\\\/www.mariventyachts.com\\\/es\\\/b\\\/\"},{\"@type\":\"ListItem\",\"position\":2,\"name\":\"El Rey Felipe VI con MARIVENT YACHTS y CEO Oliver Frols en la Feria N\u00e1utica de Barcelona\"}]},{\"@type\":\"WebSite\",\"@id\":\"https:\\\/\\\/www.mariventyachts.com\\\/#website\",\"url\":\"https:\\\/\\\/www.mariventyachts.com\\\/\",\"name\":\"Marivent Yachts\",\"description\":\"\",\"publisher\":{\"@id\":\"https:\\\/\\\/www.mariventyachts.com\\\/#organization\"},\"potentialAction\":[{\"@type\":\"SearchAction\",\"target\":{\"@type\":\"EntryPoint\",\"urlTemplate\":\"https:\\\/\\\/www.mariventyachts.com\\\/?s={search_term_string}\"},\"query-input\":{\"@type\":\"PropertyValueSpecification\",\"valueRequired\":true,\"valueName\":\"search_term_string\"}}],\"inLanguage\":\"es\"},{\"@type\":\"Organization\",\"@id\":\"https:\\\/\\\/www.mariventyachts.com\\\/#organization\",\"name\":\"Marivent Yachts\",\"url\":\"https:\\\/\\\/www.mariventyachts.com\\\/\",\"logo\":{\"@type\":\"ImageObject\",\"inLanguage\":\"es\",\"@id\":\"https:\\\/\\\/www.mariventyachts.com\\\/#\\\/schema\\\/logo\\\/image\\\/\",\"url\":\"https:\\\/\\\/www.mariventyachts.com\\\/wp-content\\\/uploads\\\/2024\\\/03\\\/marivent-site-icon.jpg\",\"contentUrl\":\"https:\\\/\\\/www.mariventyachts.com\\\/wp-content\\\/uploads\\\/2024\\\/03\\\/marivent-site-icon.jpg\",\"width\":512,\"height\":512,\"caption\":\"Marivent Yachts\"},\"image\":{\"@id\":\"https:\\\/\\\/www.mariventyachts.com\\\/#\\\/schema\\\/logo\\\/image\\\/\"},\"sameAs\":[\"https:\\\/\\\/www.facebook.com\\\/mariventyachts\\\/\",\"https:\\\/\\\/www.instagram.com\\\/mariventyachts\\\/\"]},{\"@type\":\"Person\",\"@id\":\"https:\\\/\\\/www.mariventyachts.com\\\/#\\\/schema\\\/person\\\/cf7f9402b465b84ccf87e24f10df3d22\",\"name\":\"mvadmin\",\"image\":{\"@type\":\"ImageObject\",\"inLanguage\":\"es\",\"@id\":\"https:\\\/\\\/secure.gravatar.com\\\/avatar\\\/582225c13c35a8d3bf811e8e4eb45f05353eb91aff88f557e56c4add20005099?s=96&d=mm&r=g\",\"url\":\"https:\\\/\\\/secure.gravatar.com\\\/avatar\\\/582225c13c35a8d3bf811e8e4eb45f05353eb91aff88f557e56c4add20005099?s=96&d=mm&r=g\",\"contentUrl\":\"https:\\\/\\\/secure.gravatar.com\\\/avatar\\\/582225c13c35a8d3bf811e8e4eb45f05353eb91aff88f557e56c4add20005099?s=96&d=mm&r=g\",\"caption\":\"mvadmin\"},\"sameAs\":[\"https:\\\/\\\/www.mariventyachts.com\"]}]}<\/script>\n<!-- \/ Yoast SEO plugin. -->","yoast_head_json":{"title":"El Rey Felipe VI con MARIVENT YACHTS y CEO Oliver Frols en la Feria N\u00e1utica de Barcelona - Marivent Yachts","robots":{"index":"index","follow":"follow","max-snippet":"max-snippet:-1","max-image-preview":"max-image-preview:large","max-video-preview":"max-video-preview:-1"},"canonical":"https:\/\/www.mariventyachts.com\/es\/el-rey-felipe-vi-con-marivent-yachts-y-ceo-oliver-frols-en-la-feria-nautica-de-barcelona\/","og_locale":"es_ES","og_type":"article","og_title":"El Rey Felipe VI con MARIVENT YACHTS y CEO Oliver Frols en la Feria N\u00e1utica de Barcelona - Marivent Yachts","og_description":"Entre ellos la visita m\u00e1s destacada ha sido la del Rey Felipe VI, la primera vez en la Feria de Barcelona como jefe de Estado, a qui\u00e9n podemos ver en la foto de abajo en nuestro Hospitality de Marivent yachts, saludando a nuestro CEO Oliver Frols.","og_url":"https:\/\/www.mariventyachts.com\/es\/el-rey-felipe-vi-con-marivent-yachts-y-ceo-oliver-frols-en-la-feria-nautica-de-barcelona\/","og_site_name":"Marivent Yachts","article_publisher":"https:\/\/www.facebook.com\/mariventyachts\/","article_published_time":"2022-10-18T23:00:00+00:00","article_modified_time":"2024-11-20T12:52:10+00:00","og_image":[{"width":1194,"height":1017,"url":"https:\/\/www.mariventyachts.com\/wp-content\/uploads\/WhatsApp-Image-2022-10-13-at-13.10.23-1.jpeg","type":"image\/jpeg"}],"author":"mvadmin","twitter_card":"summary_large_image","twitter_misc":{"Escrito por":"mvadmin","Tiempo de lectura":"2 minutos"},"schema":{"@context":"https:\/\/schema.org","@graph":[{"@type":"Article","@id":"https:\/\/www.mariventyachts.com\/es\/el-rey-felipe-vi-con-marivent-yachts-y-ceo-oliver-frols-en-la-feria-nautica-de-barcelona\/#article","isPartOf":{"@id":"https:\/\/www.mariventyachts.com\/es\/el-rey-felipe-vi-con-marivent-yachts-y-ceo-oliver-frols-en-la-feria-nautica-de-barcelona\/"},"author":{"name":"mvadmin","@id":"https:\/\/www.mariventyachts.com\/#\/schema\/person\/cf7f9402b465b84ccf87e24f10df3d22"},"headline":"El Rey Felipe VI con MARIVENT YACHTS y CEO Oliver Frols en la Feria N\u00e1utica de Barcelona","datePublished":"2022-10-18T23:00:00+00:00","dateModified":"2024-11-20T12:52:10+00:00","mainEntityOfPage":{"@id":"https:\/\/www.mariventyachts.com\/es\/el-rey-felipe-vi-con-marivent-yachts-y-ceo-oliver-frols-en-la-feria-nautica-de-barcelona\/"},"wordCount":448,"publisher":{"@id":"https:\/\/www.mariventyachts.com\/#organization"},"image":{"@id":"https:\/\/www.mariventyachts.com\/es\/el-rey-felipe-vi-con-marivent-yachts-y-ceo-oliver-frols-en-la-feria-nautica-de-barcelona\/#primaryimage"},"thumbnailUrl":"https:\/\/www.mariventyachts.com\/wp-content\/uploads\/WhatsApp-Image-2022-10-13-at-13.10.23-1.jpeg","articleSection":["Sin categorizar"],"inLanguage":"es"},{"@type":"WebPage","@id":"https:\/\/www.mariventyachts.com\/es\/el-rey-felipe-vi-con-marivent-yachts-y-ceo-oliver-frols-en-la-feria-nautica-de-barcelona\/","url":"https:\/\/www.mariventyachts.com\/es\/el-rey-felipe-vi-con-marivent-yachts-y-ceo-oliver-frols-en-la-feria-nautica-de-barcelona\/","name":"El Rey Felipe VI con MARIVENT YACHTS y CEO Oliver Frols en la Feria N\u00e1utica de Barcelona - Marivent Yachts","isPartOf":{"@id":"https:\/\/www.mariventyachts.com\/#website"},"primaryImageOfPage":{"@id":"https:\/\/www.mariventyachts.com\/es\/el-rey-felipe-vi-con-marivent-yachts-y-ceo-oliver-frols-en-la-feria-nautica-de-barcelona\/#primaryimage"},"image":{"@id":"https:\/\/www.mariventyachts.com\/es\/el-rey-felipe-vi-con-marivent-yachts-y-ceo-oliver-frols-en-la-feria-nautica-de-barcelona\/#primaryimage"},"thumbnailUrl":"https:\/\/www.mariventyachts.com\/wp-content\/uploads\/WhatsApp-Image-2022-10-13-at-13.10.23-1.jpeg","datePublished":"2022-10-18T23:00:00+00:00","dateModified":"2024-11-20T12:52:10+00:00","breadcrumb":{"@id":"https:\/\/www.mariventyachts.com\/es\/el-rey-felipe-vi-con-marivent-yachts-y-ceo-oliver-frols-en-la-feria-nautica-de-barcelona\/#breadcrumb"},"inLanguage":"es","potentialAction":[{"@type":"ReadAction","target":["https:\/\/www.mariventyachts.com\/es\/el-rey-felipe-vi-con-marivent-yachts-y-ceo-oliver-frols-en-la-feria-nautica-de-barcelona\/"]}]},{"@type":"ImageObject","inLanguage":"es","@id":"https:\/\/www.mariventyachts.com\/es\/el-rey-felipe-vi-con-marivent-yachts-y-ceo-oliver-frols-en-la-feria-nautica-de-barcelona\/#primaryimage","url":"https:\/\/www.mariventyachts.com\/wp-content\/uploads\/WhatsApp-Image-2022-10-13-at-13.10.23-1.jpeg","contentUrl":"https:\/\/www.mariventyachts.com\/wp-content\/uploads\/WhatsApp-Image-2022-10-13-at-13.10.23-1.jpeg","width":1194,"height":1017},{"@type":"BreadcrumbList","@id":"https:\/\/www.mariventyachts.com\/es\/el-rey-felipe-vi-con-marivent-yachts-y-ceo-oliver-frols-en-la-feria-nautica-de-barcelona\/#breadcrumb","itemListElement":[{"@type":"ListItem","position":1,"name":"Home","item":"https:\/\/www.mariventyachts.com\/es\/b\/"},{"@type":"ListItem","position":2,"name":"El Rey Felipe VI con MARIVENT YACHTS y CEO Oliver Frols en la Feria N\u00e1utica de Barcelona"}]},{"@type":"WebSite","@id":"https:\/\/www.mariventyachts.com\/#website","url":"https:\/\/www.mariventyachts.com\/","name":"Marivent Yachts","description":"","publisher":{"@id":"https:\/\/www.mariventyachts.com\/#organization"},"potentialAction":[{"@type":"SearchAction","target":{"@type":"EntryPoint","urlTemplate":"https:\/\/www.mariventyachts.com\/?s={search_term_string}"},"query-input":{"@type":"PropertyValueSpecification","valueRequired":true,"valueName":"search_term_string"}}],"inLanguage":"es"},{"@type":"Organization","@id":"https:\/\/www.mariventyachts.com\/#organization","name":"Marivent Yachts","url":"https:\/\/www.mariventyachts.com\/","logo":{"@type":"ImageObject","inLanguage":"es","@id":"https:\/\/www.mariventyachts.com\/#\/schema\/logo\/image\/","url":"https:\/\/www.mariventyachts.com\/wp-content\/uploads\/2024\/03\/marivent-site-icon.jpg","contentUrl":"https:\/\/www.mariventyachts.com\/wp-content\/uploads\/2024\/03\/marivent-site-icon.jpg","width":512,"height":512,"caption":"Marivent Yachts"},"image":{"@id":"https:\/\/www.mariventyachts.com\/#\/schema\/logo\/image\/"},"sameAs":["https:\/\/www.facebook.com\/mariventyachts\/","https:\/\/www.instagram.com\/mariventyachts\/"]},{"@type":"Person","@id":"https:\/\/www.mariventyachts.com\/#\/schema\/person\/cf7f9402b465b84ccf87e24f10df3d22","name":"mvadmin","image":{"@type":"ImageObject","inLanguage":"es","@id":"https:\/\/secure.gravatar.com\/avatar\/582225c13c35a8d3bf811e8e4eb45f05353eb91aff88f557e56c4add20005099?s=96&d=mm&r=g","url":"https:\/\/secure.gravatar.com\/avatar\/582225c13c35a8d3bf811e8e4eb45f05353eb91aff88f557e56c4add20005099?s=96&d=mm&r=g","contentUrl":"https:\/\/secure.gravatar.com\/avatar\/582225c13c35a8d3bf811e8e4eb45f05353eb91aff88f557e56c4add20005099?s=96&d=mm&r=g","caption":"mvadmin"},"sameAs":["https:\/\/www.mariventyachts.com"]}]}},"_links":{"self":[{"href":"https:\/\/www.mariventyachts.com\/es\/wp-json\/wp\/v2\/posts\/2726","targetHints":{"allow":["GET"]}}],"collection":[{"href":"https:\/\/www.mariventyachts.com\/es\/wp-json\/wp\/v2\/posts"}],"about":[{"href":"https:\/\/www.mariventyachts.com\/es\/wp-json\/wp\/v2\/types\/post"}],"author":[{"embeddable":true,"href":"https:\/\/www.mariventyachts.com\/es\/wp-json\/wp\/v2\/users\/1"}],"replies":[{"embeddable":true,"href":"https:\/\/www.mariventyachts.com\/es\/wp-json\/wp\/v2\/comments?post=2726"}],"version-history":[{"count":1,"href":"https:\/\/www.mariventyachts.com\/es\/wp-json\/wp\/v2\/posts\/2726\/revisions"}],"predecessor-version":[{"id":4484,"href":"https:\/\/www.mariventyachts.com\/es\/wp-json\/wp\/v2\/posts\/2726\/revisions\/4484"}],"wp:featuredmedia":[{"embeddable":true,"href":"https:\/\/www.mariventyachts.com\/es\/wp-json\/wp\/v2\/media\/2460"}],"wp:attachment":[{"href":"https:\/\/www.mariventyachts.com\/es\/wp-json\/wp\/v2\/media?parent=2726"}],"wp:term":[{"taxonomy":"category","embeddable":true,"href":"https:\/\/www.mariventyachts.com\/es\/wp-json\/wp\/v2\/categories?post=2726"},{"taxonomy":"post_tag","embeddable":true,"href":"https:\/\/www.mariventyachts.com\/es\/wp-json\/wp\/v2\/tags?post=2726"}],"curies":[{"name":"wp","href":"https:\/\/api.w.org\/{rel}","templated":true}]}}