{"id":2727,"date":"2022-11-14T00:00:00","date_gmt":"2022-11-14T00:00:00","guid":{"rendered":"https:\/\/www.mariventyachts.com\/marivent-yachts-dealer-of-the-year-2022\/"},"modified":"2024-11-20T12:50:46","modified_gmt":"2024-11-20T12:50:46","slug":"marivent-yachts-dealer-of-the-year-2022","status":"publish","type":"post","link":"https:\/\/www.mariventyachts.com\/es\/marivent-yachts-dealer-of-the-year-2022\/","title":{"rendered":"Marivent Yachts \u201cDEALER OF THE YEAR 2022\u201d"},"content":{"rendered":"<p>Un a\u00f1o m\u00e1s <strong>Marivent Yachts<\/strong> ha sido galardonado con la distinci\u00f3n de \u201c<strong>Dealer Of The Year 2022<\/strong>\u201d por el grupo Hanse Yachts con sede en Alemania.<\/p>\n<p>Este premio reconoce a Marivent Yachts como el <strong>dealer que m\u00e1s barcos de la marca FJORD ha vendido<\/strong> <strong>a nivel mundial<\/strong> en el \u00faltimo a\u00f1o, siendo as\u00ed el <strong>octavo a\u00f1o consecutivo<\/strong> desde el a\u00f1o 2014 en que se posiciona como l\u00edder a nivel mundial.<\/p>\n<p><strong>Oliver Frols, CEO de Marivent Yachts<\/strong>, explica desde su sede principal en Mallorca \u201c<strong>Las embarcaciones Fjord se est\u00e1n convirtiendo en el referente de los Open Boats en el Mediterr\u00e1neo<\/strong>. Nuestros esfuerzos siempre se han centrado en consolidar un <strong>trato personalizado e inmediato<\/strong> para cada uno de nuestros clientes y nuestra filosof\u00eda contin\u00faa siendo la misma de los \u00faltimos a\u00f1os, como siempre digo, <strong>nuestros clientes son nuestros mejores promotores<\/strong>\u201d<\/p>\n<p><strong>Andr\u00e9 Nelles, Director General<\/strong>, reconoce que \u201clos \u00faltimos tiempos han sido complicados por las circunstancias sanitarias, pol\u00edticas y econ\u00f3micas a nivel mundial que todos conocemos, por lo que ahora m\u00e1s que nunca hemos tenido la <strong>responsabilidad de reflexionar<\/strong> como equipo y <strong>coordinarnos<\/strong> para seguir ofreciendo y mejorando el excelente trato que nos caracteriza\u201d y puntualiza \u201ceste galard\u00f3n consolida el buen trabajo y confirma que seguimos en <strong>el buen camino\u201d<\/strong><\/p>\n","protected":false},"excerpt":{"rendered":"<p>Un a\u00f1o m\u00e1s Marivent Yachts ha sido galardonado con la distinci\u00f3n de \u201cDealer Of The Year 2022\u201d por el grupo Hanse Yachts con sede en Alemania.<br \/>\nEste premio reconoce a Marivent Yachts como el dealer que m\u00e1s barcos de la marca FJORD ha vendido a nivel mundial en el \u00faltimo a\u00f1o, siendo as\u00ed el octavo a\u00f1o consecutivo desde el a\u00f1o 2014 en que se posiciona como l\u00edder a nivel mundial.<\/p>\n","protected":false},"author":1,"featured_media":2463,"comment_status":"closed","ping_status":"closed","sticky":false,"template":"","format":"standard","meta":{"_acf_changed":false,"footnotes":""},"categories":[6],"tags":[],"class_list":["post-2727","post","type-post","status-publish","format-standard","has-post-thumbnail","hentry","category-sin-categorizar"],"acf":[],"yoast_head":"<!-- This site is optimized with the Yoast SEO plugin v27.5 - https:\/\/yoast.com\/product\/yoast-seo-wordpress\/ -->\n<title>Marivent Yachts \u201cDEALER OF THE YEAR 2022\u201d - Marivent Yachts<\/title>\n<meta name=\"robots\" content=\"index, follow, max-snippet:-1, max-image-preview:large, max-video-preview:-1\" \/>\n<link rel=\"canonical\" href=\"https:\/\/www.mariventyachts.com\/es\/marivent-yachts-dealer-of-the-year-2022\/\" \/>\n<meta property=\"og:locale\" content=\"es_ES\" \/>\n<meta property=\"og:type\" content=\"article\" \/>\n<meta property=\"og:title\" content=\"Marivent Yachts \u201cDEALER OF THE YEAR 2022\u201d - Marivent Yachts\" \/>\n<meta property=\"og:description\" content=\"Un a\u00f1o m\u00e1s Marivent Yachts ha sido galardonado con la distinci\u00f3n de \u201cDealer Of The Year 2022\u201d por el grupo Hanse Yachts con sede en Alemania. Este premio reconoce a Marivent Yachts como el dealer que m\u00e1s barcos de la marca FJORD ha vendido a nivel mundial en el \u00faltimo a\u00f1o, siendo as\u00ed el octavo a\u00f1o consecutivo desde el a\u00f1o 2014 en que se posiciona como l\u00edder a nivel mundial.\" \/>\n<meta property=\"og:url\" content=\"https:\/\/www.mariventyachts.com\/es\/marivent-yachts-dealer-of-the-year-2022\/\" \/>\n<meta property=\"og:site_name\" content=\"Marivent Yachts\" \/>\n<meta property=\"article:publisher\" content=\"https:\/\/www.facebook.com\/mariventyachts\/\" \/>\n<meta property=\"article:published_time\" content=\"2022-11-14T00:00:00+00:00\" \/>\n<meta property=\"article:modified_time\" content=\"2024-11-20T12:50:46+00:00\" \/>\n<meta property=\"og:image\" content=\"https:\/\/www.mariventyachts.com\/wp-content\/uploads\/Marivent_Yachts_dealer_of_the_year.jpg\" \/>\n\t<meta property=\"og:image:width\" content=\"565\" \/>\n\t<meta property=\"og:image:height\" content=\"346\" \/>\n\t<meta property=\"og:image:type\" content=\"image\/jpeg\" \/>\n<meta name=\"author\" content=\"mvadmin\" \/>\n<meta name=\"twitter:card\" content=\"summary_large_image\" \/>\n<meta name=\"twitter:label1\" content=\"Escrito por\" \/>\n\t<meta name=\"twitter:data1\" content=\"mvadmin\" \/>\n\t<meta name=\"twitter:label2\" content=\"Tiempo de lectura\" \/>\n\t<meta name=\"twitter:data2\" content=\"1 minuto\" \/>\n<script type=\"application\/ld+json\" class=\"yoast-schema-graph\">{\"@context\":\"https:\\\/\\\/schema.org\",\"@graph\":[{\"@type\":\"Article\",\"@id\":\"https:\\\/\\\/www.mariventyachts.com\\\/es\\\/marivent-yachts-dealer-of-the-year-2022\\\/#article\",\"isPartOf\":{\"@id\":\"https:\\\/\\\/www.mariventyachts.com\\\/es\\\/marivent-yachts-dealer-of-the-year-2022\\\/\"},\"author\":{\"name\":\"mvadmin\",\"@id\":\"https:\\\/\\\/www.mariventyachts.com\\\/#\\\/schema\\\/person\\\/cf7f9402b465b84ccf87e24f10df3d22\"},\"headline\":\"Marivent Yachts \u201cDEALER OF THE YEAR 2022\u201d\",\"datePublished\":\"2022-11-14T00:00:00+00:00\",\"dateModified\":\"2024-11-20T12:50:46+00:00\",\"mainEntityOfPage\":{\"@id\":\"https:\\\/\\\/www.mariventyachts.com\\\/es\\\/marivent-yachts-dealer-of-the-year-2022\\\/\"},\"wordCount\":228,\"publisher\":{\"@id\":\"https:\\\/\\\/www.mariventyachts.com\\\/#organization\"},\"image\":{\"@id\":\"https:\\\/\\\/www.mariventyachts.com\\\/es\\\/marivent-yachts-dealer-of-the-year-2022\\\/#primaryimage\"},\"thumbnailUrl\":\"https:\\\/\\\/www.mariventyachts.com\\\/wp-content\\\/uploads\\\/Marivent_Yachts_dealer_of_the_year.jpg\",\"articleSection\":[\"Sin categorizar\"],\"inLanguage\":\"es\"},{\"@type\":\"WebPage\",\"@id\":\"https:\\\/\\\/www.mariventyachts.com\\\/es\\\/marivent-yachts-dealer-of-the-year-2022\\\/\",\"url\":\"https:\\\/\\\/www.mariventyachts.com\\\/es\\\/marivent-yachts-dealer-of-the-year-2022\\\/\",\"name\":\"Marivent Yachts \u201cDEALER OF THE YEAR 2022\u201d - Marivent Yachts\",\"isPartOf\":{\"@id\":\"https:\\\/\\\/www.mariventyachts.com\\\/#website\"},\"primaryImageOfPage\":{\"@id\":\"https:\\\/\\\/www.mariventyachts.com\\\/es\\\/marivent-yachts-dealer-of-the-year-2022\\\/#primaryimage\"},\"image\":{\"@id\":\"https:\\\/\\\/www.mariventyachts.com\\\/es\\\/marivent-yachts-dealer-of-the-year-2022\\\/#primaryimage\"},\"thumbnailUrl\":\"https:\\\/\\\/www.mariventyachts.com\\\/wp-content\\\/uploads\\\/Marivent_Yachts_dealer_of_the_year.jpg\",\"datePublished\":\"2022-11-14T00:00:00+00:00\",\"dateModified\":\"2024-11-20T12:50:46+00:00\",\"breadcrumb\":{\"@id\":\"https:\\\/\\\/www.mariventyachts.com\\\/es\\\/marivent-yachts-dealer-of-the-year-2022\\\/#breadcrumb\"},\"inLanguage\":\"es\",\"potentialAction\":[{\"@type\":\"ReadAction\",\"target\":[\"https:\\\/\\\/www.mariventyachts.com\\\/es\\\/marivent-yachts-dealer-of-the-year-2022\\\/\"]}]},{\"@type\":\"ImageObject\",\"inLanguage\":\"es\",\"@id\":\"https:\\\/\\\/www.mariventyachts.com\\\/es\\\/marivent-yachts-dealer-of-the-year-2022\\\/#primaryimage\",\"url\":\"https:\\\/\\\/www.mariventyachts.com\\\/wp-content\\\/uploads\\\/Marivent_Yachts_dealer_of_the_year.jpg\",\"contentUrl\":\"https:\\\/\\\/www.mariventyachts.com\\\/wp-content\\\/uploads\\\/Marivent_Yachts_dealer_of_the_year.jpg\",\"width\":565,\"height\":346},{\"@type\":\"BreadcrumbList\",\"@id\":\"https:\\\/\\\/www.mariventyachts.com\\\/es\\\/marivent-yachts-dealer-of-the-year-2022\\\/#breadcrumb\",\"itemListElement\":[{\"@type\":\"ListItem\",\"position\":1,\"name\":\"Home\",\"item\":\"https:\\\/\\\/www.mariventyachts.com\\\/es\\\/b\\\/\"},{\"@type\":\"ListItem\",\"position\":2,\"name\":\"Marivent Yachts \u201cDEALER OF THE YEAR 2022\u201d\"}]},{\"@type\":\"WebSite\",\"@id\":\"https:\\\/\\\/www.mariventyachts.com\\\/#website\",\"url\":\"https:\\\/\\\/www.mariventyachts.com\\\/\",\"name\":\"Marivent Yachts\",\"description\":\"\",\"publisher\":{\"@id\":\"https:\\\/\\\/www.mariventyachts.com\\\/#organization\"},\"potentialAction\":[{\"@type\":\"SearchAction\",\"target\":{\"@type\":\"EntryPoint\",\"urlTemplate\":\"https:\\\/\\\/www.mariventyachts.com\\\/?s={search_term_string}\"},\"query-input\":{\"@type\":\"PropertyValueSpecification\",\"valueRequired\":true,\"valueName\":\"search_term_string\"}}],\"inLanguage\":\"es\"},{\"@type\":\"Organization\",\"@id\":\"https:\\\/\\\/www.mariventyachts.com\\\/#organization\",\"name\":\"Marivent Yachts\",\"url\":\"https:\\\/\\\/www.mariventyachts.com\\\/\",\"logo\":{\"@type\":\"ImageObject\",\"inLanguage\":\"es\",\"@id\":\"https:\\\/\\\/www.mariventyachts.com\\\/#\\\/schema\\\/logo\\\/image\\\/\",\"url\":\"https:\\\/\\\/www.mariventyachts.com\\\/wp-content\\\/uploads\\\/2024\\\/03\\\/marivent-site-icon.jpg\",\"contentUrl\":\"https:\\\/\\\/www.mariventyachts.com\\\/wp-content\\\/uploads\\\/2024\\\/03\\\/marivent-site-icon.jpg\",\"width\":512,\"height\":512,\"caption\":\"Marivent Yachts\"},\"image\":{\"@id\":\"https:\\\/\\\/www.mariventyachts.com\\\/#\\\/schema\\\/logo\\\/image\\\/\"},\"sameAs\":[\"https:\\\/\\\/www.facebook.com\\\/mariventyachts\\\/\",\"https:\\\/\\\/www.instagram.com\\\/mariventyachts\\\/\"]},{\"@type\":\"Person\",\"@id\":\"https:\\\/\\\/www.mariventyachts.com\\\/#\\\/schema\\\/person\\\/cf7f9402b465b84ccf87e24f10df3d22\",\"name\":\"mvadmin\",\"image\":{\"@type\":\"ImageObject\",\"inLanguage\":\"es\",\"@id\":\"https:\\\/\\\/secure.gravatar.com\\\/avatar\\\/582225c13c35a8d3bf811e8e4eb45f05353eb91aff88f557e56c4add20005099?s=96&d=mm&r=g\",\"url\":\"https:\\\/\\\/secure.gravatar.com\\\/avatar\\\/582225c13c35a8d3bf811e8e4eb45f05353eb91aff88f557e56c4add20005099?s=96&d=mm&r=g\",\"contentUrl\":\"https:\\\/\\\/secure.gravatar.com\\\/avatar\\\/582225c13c35a8d3bf811e8e4eb45f05353eb91aff88f557e56c4add20005099?s=96&d=mm&r=g\",\"caption\":\"mvadmin\"},\"sameAs\":[\"https:\\\/\\\/www.mariventyachts.com\"]}]}<\/script>\n<!-- \/ Yoast SEO plugin. -->","yoast_head_json":{"title":"Marivent Yachts \u201cDEALER OF THE YEAR 2022\u201d - Marivent Yachts","robots":{"index":"index","follow":"follow","max-snippet":"max-snippet:-1","max-image-preview":"max-image-preview:large","max-video-preview":"max-video-preview:-1"},"canonical":"https:\/\/www.mariventyachts.com\/es\/marivent-yachts-dealer-of-the-year-2022\/","og_locale":"es_ES","og_type":"article","og_title":"Marivent Yachts \u201cDEALER OF THE YEAR 2022\u201d - Marivent Yachts","og_description":"Un a\u00f1o m\u00e1s Marivent Yachts ha sido galardonado con la distinci\u00f3n de \u201cDealer Of The Year 2022\u201d por el grupo Hanse Yachts con sede en Alemania. Este premio reconoce a Marivent Yachts como el dealer que m\u00e1s barcos de la marca FJORD ha vendido a nivel mundial en el \u00faltimo a\u00f1o, siendo as\u00ed el octavo a\u00f1o consecutivo desde el a\u00f1o 2014 en que se posiciona como l\u00edder a nivel mundial.","og_url":"https:\/\/www.mariventyachts.com\/es\/marivent-yachts-dealer-of-the-year-2022\/","og_site_name":"Marivent Yachts","article_publisher":"https:\/\/www.facebook.com\/mariventyachts\/","article_published_time":"2022-11-14T00:00:00+00:00","article_modified_time":"2024-11-20T12:50:46+00:00","og_image":[{"width":565,"height":346,"url":"https:\/\/www.mariventyachts.com\/wp-content\/uploads\/Marivent_Yachts_dealer_of_the_year.jpg","type":"image\/jpeg"}],"author":"mvadmin","twitter_card":"summary_large_image","twitter_misc":{"Escrito por":"mvadmin","Tiempo de lectura":"1 minuto"},"schema":{"@context":"https:\/\/schema.org","@graph":[{"@type":"Article","@id":"https:\/\/www.mariventyachts.com\/es\/marivent-yachts-dealer-of-the-year-2022\/#article","isPartOf":{"@id":"https:\/\/www.mariventyachts.com\/es\/marivent-yachts-dealer-of-the-year-2022\/"},"author":{"name":"mvadmin","@id":"https:\/\/www.mariventyachts.com\/#\/schema\/person\/cf7f9402b465b84ccf87e24f10df3d22"},"headline":"Marivent Yachts \u201cDEALER OF THE YEAR 2022\u201d","datePublished":"2022-11-14T00:00:00+00:00","dateModified":"2024-11-20T12:50:46+00:00","mainEntityOfPage":{"@id":"https:\/\/www.mariventyachts.com\/es\/marivent-yachts-dealer-of-the-year-2022\/"},"wordCount":228,"publisher":{"@id":"https:\/\/www.mariventyachts.com\/#organization"},"image":{"@id":"https:\/\/www.mariventyachts.com\/es\/marivent-yachts-dealer-of-the-year-2022\/#primaryimage"},"thumbnailUrl":"https:\/\/www.mariventyachts.com\/wp-content\/uploads\/Marivent_Yachts_dealer_of_the_year.jpg","articleSection":["Sin categorizar"],"inLanguage":"es"},{"@type":"WebPage","@id":"https:\/\/www.mariventyachts.com\/es\/marivent-yachts-dealer-of-the-year-2022\/","url":"https:\/\/www.mariventyachts.com\/es\/marivent-yachts-dealer-of-the-year-2022\/","name":"Marivent Yachts \u201cDEALER OF THE YEAR 2022\u201d - Marivent Yachts","isPartOf":{"@id":"https:\/\/www.mariventyachts.com\/#website"},"primaryImageOfPage":{"@id":"https:\/\/www.mariventyachts.com\/es\/marivent-yachts-dealer-of-the-year-2022\/#primaryimage"},"image":{"@id":"https:\/\/www.mariventyachts.com\/es\/marivent-yachts-dealer-of-the-year-2022\/#primaryimage"},"thumbnailUrl":"https:\/\/www.mariventyachts.com\/wp-content\/uploads\/Marivent_Yachts_dealer_of_the_year.jpg","datePublished":"2022-11-14T00:00:00+00:00","dateModified":"2024-11-20T12:50:46+00:00","breadcrumb":{"@id":"https:\/\/www.mariventyachts.com\/es\/marivent-yachts-dealer-of-the-year-2022\/#breadcrumb"},"inLanguage":"es","potentialAction":[{"@type":"ReadAction","target":["https:\/\/www.mariventyachts.com\/es\/marivent-yachts-dealer-of-the-year-2022\/"]}]},{"@type":"ImageObject","inLanguage":"es","@id":"https:\/\/www.mariventyachts.com\/es\/marivent-yachts-dealer-of-the-year-2022\/#primaryimage","url":"https:\/\/www.mariventyachts.com\/wp-content\/uploads\/Marivent_Yachts_dealer_of_the_year.jpg","contentUrl":"https:\/\/www.mariventyachts.com\/wp-content\/uploads\/Marivent_Yachts_dealer_of_the_year.jpg","width":565,"height":346},{"@type":"BreadcrumbList","@id":"https:\/\/www.mariventyachts.com\/es\/marivent-yachts-dealer-of-the-year-2022\/#breadcrumb","itemListElement":[{"@type":"ListItem","position":1,"name":"Home","item":"https:\/\/www.mariventyachts.com\/es\/b\/"},{"@type":"ListItem","position":2,"name":"Marivent Yachts \u201cDEALER OF THE YEAR 2022\u201d"}]},{"@type":"WebSite","@id":"https:\/\/www.mariventyachts.com\/#website","url":"https:\/\/www.mariventyachts.com\/","name":"Marivent Yachts","description":"","publisher":{"@id":"https:\/\/www.mariventyachts.com\/#organization"},"potentialAction":[{"@type":"SearchAction","target":{"@type":"EntryPoint","urlTemplate":"https:\/\/www.mariventyachts.com\/?s={search_term_string}"},"query-input":{"@type":"PropertyValueSpecification","valueRequired":true,"valueName":"search_term_string"}}],"inLanguage":"es"},{"@type":"Organization","@id":"https:\/\/www.mariventyachts.com\/#organization","name":"Marivent Yachts","url":"https:\/\/www.mariventyachts.com\/","logo":{"@type":"ImageObject","inLanguage":"es","@id":"https:\/\/www.mariventyachts.com\/#\/schema\/logo\/image\/","url":"https:\/\/www.mariventyachts.com\/wp-content\/uploads\/2024\/03\/marivent-site-icon.jpg","contentUrl":"https:\/\/www.mariventyachts.com\/wp-content\/uploads\/2024\/03\/marivent-site-icon.jpg","width":512,"height":512,"caption":"Marivent Yachts"},"image":{"@id":"https:\/\/www.mariventyachts.com\/#\/schema\/logo\/image\/"},"sameAs":["https:\/\/www.facebook.com\/mariventyachts\/","https:\/\/www.instagram.com\/mariventyachts\/"]},{"@type":"Person","@id":"https:\/\/www.mariventyachts.com\/#\/schema\/person\/cf7f9402b465b84ccf87e24f10df3d22","name":"mvadmin","image":{"@type":"ImageObject","inLanguage":"es","@id":"https:\/\/secure.gravatar.com\/avatar\/582225c13c35a8d3bf811e8e4eb45f05353eb91aff88f557e56c4add20005099?s=96&d=mm&r=g","url":"https:\/\/secure.gravatar.com\/avatar\/582225c13c35a8d3bf811e8e4eb45f05353eb91aff88f557e56c4add20005099?s=96&d=mm&r=g","contentUrl":"https:\/\/secure.gravatar.com\/avatar\/582225c13c35a8d3bf811e8e4eb45f05353eb91aff88f557e56c4add20005099?s=96&d=mm&r=g","caption":"mvadmin"},"sameAs":["https:\/\/www.mariventyachts.com"]}]}},"_links":{"self":[{"href":"https:\/\/www.mariventyachts.com\/es\/wp-json\/wp\/v2\/posts\/2727","targetHints":{"allow":["GET"]}}],"collection":[{"href":"https:\/\/www.mariventyachts.com\/es\/wp-json\/wp\/v2\/posts"}],"about":[{"href":"https:\/\/www.mariventyachts.com\/es\/wp-json\/wp\/v2\/types\/post"}],"author":[{"embeddable":true,"href":"https:\/\/www.mariventyachts.com\/es\/wp-json\/wp\/v2\/users\/1"}],"replies":[{"embeddable":true,"href":"https:\/\/www.mariventyachts.com\/es\/wp-json\/wp\/v2\/comments?post=2727"}],"version-history":[{"count":1,"href":"https:\/\/www.mariventyachts.com\/es\/wp-json\/wp\/v2\/posts\/2727\/revisions"}],"predecessor-version":[{"id":4482,"href":"https:\/\/www.mariventyachts.com\/es\/wp-json\/wp\/v2\/posts\/2727\/revisions\/4482"}],"wp:featuredmedia":[{"embeddable":true,"href":"https:\/\/www.mariventyachts.com\/es\/wp-json\/wp\/v2\/media\/2463"}],"wp:attachment":[{"href":"https:\/\/www.mariventyachts.com\/es\/wp-json\/wp\/v2\/media?parent=2727"}],"wp:term":[{"taxonomy":"category","embeddable":true,"href":"https:\/\/www.mariventyachts.com\/es\/wp-json\/wp\/v2\/categories?post=2727"},{"taxonomy":"post_tag","embeddable":true,"href":"https:\/\/www.mariventyachts.com\/es\/wp-json\/wp\/v2\/tags?post=2727"}],"curies":[{"name":"wp","href":"https:\/\/api.w.org\/{rel}","templated":true}]}}